{"id":1067,"date":"2022-09-29T12:40:14","date_gmt":"2022-09-29T12:40:14","guid":{"rendered":"https:\/\/nazarenovalencia.es\/?p=1067"},"modified":"2022-09-29T12:48:46","modified_gmt":"2022-09-29T12:48:46","slug":"video-la-modernizacion-la-inclusion-de-la-ssmv-en-la-sociedad","status":"publish","type":"post","link":"https:\/\/nazarenovalencia.es\/va\/video-la-modernizacion-la-inclusion-de-la-ssmv-en-la-sociedad\/","title":{"rendered":"VIDEO: La Modernizaci\u00f3n &#8211; La inclusi\u00f3n de la SSMV en la sociedad"},"content":{"rendered":"<p>El pasado 27 de Septiembre celebramos en la casa museo de la Semana Santa Marinera, la charla que nos ofreci\u00f3 Pep Martorell sobre la Modernizaci\u00f3n de la Semana Santa Marinera para incluirse en la sociedad del siglo XXI. Pep Martorell, ha sido presidente de la Junta Mayor en dos periodos, del 2004 al 2007 y del 2019 al 2022. Cofrade de la Hermandad de Mar\u00eda Sant\u00edsima de las Angustias, Pep Martorell fue pregonero de la Semana Santa Marinera de Val\u00e8ncia el a\u00f1o 2010 y adem\u00e1s, es autor de varios libros cuyo eje argumental es siempre el Mar\u00edtimo, sus tradiciones, costumbres y fiestas.<\/p>\n<p>Adem\u00e1s, tambien asisti\u00f3 el comandante naval de Val\u00e8ncia y Castell\u00f3n, capit\u00e1n de nav\u00edo, D. Alfredo Cord\u00f3n Scharfhausen, al que tambien agradecemos su colaboraci\u00f3n, as\u00ed como a las decenas de asistentes que vinieron al acto<\/p>\n<p><iframe loading=\"lazy\" width=\"560\" height=\"315\" src=\"https:\/\/www.youtube.com\/embed\/HKwZ0KxQDoM\" title=\"YouTube video player\" frameborder=\"0\" allow=\"accelerometer; autoplay; clipboard-write; encrypted-media; gyroscope; picture-in-picture\" allowfullscreen><\/iframe><\/p>","protected":false},"excerpt":{"rendered":"<p>El pasado 27 de Septiembre celebramos en la casa museo de la Semana Santa Marinera, la charla que nos ofreci\u00f3 Pep Martorell sobre la Modernizaci\u00f3n de la Semana Santa Marinera para incluirse en la sociedad del siglo XXI. Pep Martorell, ha sido presidente de la Junta Mayor en dos periodos, del 2004 al 2007 y [&hellip;]<\/p>\n","protected":false},"author":1,"featured_media":1062,"comment_status":"closed","ping_status":"closed","sticky":false,"template":"","format":"standard","meta":{"footnotes":""},"categories":[12,11],"tags":[],"class_list":{"0":"post-1067","1":"post","2":"type-post","3":"status-publish","4":"format-standard","5":"has-post-thumbnail","6":"hentry","7":"category-general","8":"category-noticias","10":"post-with-thumbnail","11":"post-with-thumbnail-large"},"yoast_head":"<!-- This site is optimized with the Yoast SEO plugin v27.2 - https:\/\/yoast.com\/product\/yoast-seo-wordpress\/ -->\n<title>VIDEO: La Modernizaci\u00f3n - La inclusi\u00f3n de la SSMV en la sociedad - Real Hermandad de Nuestro Padre Jes\u00fas Nazareno \u00b7 Val\u00e8ncia<\/title>\n<meta name=\"robots\" content=\"index, follow, max-snippet:-1, max-image-preview:large, max-video-preview:-1\" \/>\n<link rel=\"canonical\" href=\"https:\/\/nazarenovalencia.es\/va\/video-la-modernizacion-la-inclusion-de-la-ssmv-en-la-sociedad\/\" \/>\n<meta property=\"og:locale\" content=\"en_US\" \/>\n<meta property=\"og:type\" content=\"article\" \/>\n<meta property=\"og:title\" content=\"VIDEO: La Modernizaci\u00f3n - La inclusi\u00f3n de la SSMV en la sociedad - Real Hermandad de Nuestro Padre Jes\u00fas Nazareno \u00b7 Val\u00e8ncia\" \/>\n<meta property=\"og:description\" content=\"El pasado 27 de Septiembre celebramos en la casa museo de la Semana Santa Marinera, la charla que nos ofreci\u00f3 Pep Martorell sobre la Modernizaci\u00f3n de la Semana Santa Marinera para incluirse en la sociedad del siglo XXI. Pep Martorell, ha sido presidente de la Junta Mayor en dos periodos, del 2004 al 2007 y [&hellip;]\" \/>\n<meta property=\"og:url\" content=\"https:\/\/nazarenovalencia.es\/va\/video-la-modernizacion-la-inclusion-de-la-ssmv-en-la-sociedad\/\" \/>\n<meta property=\"og:site_name\" content=\"Real Hermandad de Nuestro Padre Jes\u00fas Nazareno \u00b7 Val\u00e8ncia\" \/>\n<meta property=\"article:publisher\" content=\"https:\/\/www.facebook.com\/valencia.hermandadnazareno\" \/>\n<meta property=\"article:published_time\" content=\"2022-09-29T12:40:14+00:00\" \/>\n<meta property=\"article:modified_time\" content=\"2022-09-29T12:48:46+00:00\" \/>\n<meta property=\"og:image\" content=\"https:\/\/nazarenovalencia.es\/wp-content\/uploads\/2022\/09\/xarradapep_val-1024x723.png\" \/>\n\t<meta property=\"og:image:width\" content=\"1024\" \/>\n\t<meta property=\"og:image:height\" content=\"723\" \/>\n\t<meta property=\"og:image:type\" content=\"image\/png\" \/>\n<meta name=\"author\" content=\"admin\" \/>\n<meta name=\"twitter:card\" content=\"summary_large_image\" \/>\n<meta name=\"twitter:creator\" content=\"@nazarenograo\" \/>\n<meta name=\"twitter:site\" content=\"@nazarenograo\" \/>\n<meta name=\"twitter:label1\" content=\"Written by\" \/>\n\t<meta name=\"twitter:data1\" content=\"admin\" \/>\n\t<meta name=\"twitter:label2\" content=\"Est. reading time\" \/>\n\t<meta name=\"twitter:data2\" content=\"1 minute\" \/>\n<script type=\"application\/ld+json\" class=\"yoast-schema-graph\">{\"@context\":\"https:\/\/schema.org\",\"@graph\":[{\"@type\":\"Article\",\"@id\":\"https:\/\/nazarenovalencia.es\/video-la-modernizacion-la-inclusion-de-la-ssmv-en-la-sociedad\/#article\",\"isPartOf\":{\"@id\":\"https:\/\/nazarenovalencia.es\/video-la-modernizacion-la-inclusion-de-la-ssmv-en-la-sociedad\/\"},\"author\":{\"name\":\"admin\",\"@id\":\"https:\/\/nazarenovalencia.es\/#\/schema\/person\/2a78b7b234902a9fb08c83036e6d4f24\"},\"headline\":\"VIDEO: La Modernizaci\u00f3n &#8211; La inclusi\u00f3n de la SSMV en la sociedad\",\"datePublished\":\"2022-09-29T12:40:14+00:00\",\"dateModified\":\"2022-09-29T12:48:46+00:00\",\"mainEntityOfPage\":{\"@id\":\"https:\/\/nazarenovalencia.es\/video-la-modernizacion-la-inclusion-de-la-ssmv-en-la-sociedad\/\"},\"wordCount\":158,\"publisher\":{\"@id\":\"https:\/\/nazarenovalencia.es\/#organization\"},\"image\":{\"@id\":\"https:\/\/nazarenovalencia.es\/video-la-modernizacion-la-inclusion-de-la-ssmv-en-la-sociedad\/#primaryimage\"},\"thumbnailUrl\":\"https:\/\/nazarenovalencia.es\/wp-content\/uploads\/2022\/09\/xarradapep_val.png\",\"articleSection\":[\"General\",\"Not\u00edcias\"],\"inLanguage\":\"va\"},{\"@type\":\"WebPage\",\"@id\":\"https:\/\/nazarenovalencia.es\/video-la-modernizacion-la-inclusion-de-la-ssmv-en-la-sociedad\/\",\"url\":\"https:\/\/nazarenovalencia.es\/video-la-modernizacion-la-inclusion-de-la-ssmv-en-la-sociedad\/\",\"name\":\"VIDEO: La Modernizaci\u00f3n - La inclusi\u00f3n de la SSMV en la sociedad - Real Hermandad de Nuestro Padre Jes\u00fas Nazareno \u00b7 Val\u00e8ncia\",\"isPartOf\":{\"@id\":\"https:\/\/nazarenovalencia.es\/#website\"},\"primaryImageOfPage\":{\"@id\":\"https:\/\/nazarenovalencia.es\/video-la-modernizacion-la-inclusion-de-la-ssmv-en-la-sociedad\/#primaryimage\"},\"image\":{\"@id\":\"https:\/\/nazarenovalencia.es\/video-la-modernizacion-la-inclusion-de-la-ssmv-en-la-sociedad\/#primaryimage\"},\"thumbnailUrl\":\"https:\/\/nazarenovalencia.es\/wp-content\/uploads\/2022\/09\/xarradapep_val.png\",\"datePublished\":\"2022-09-29T12:40:14+00:00\",\"dateModified\":\"2022-09-29T12:48:46+00:00\",\"inLanguage\":\"va\",\"potentialAction\":[{\"@type\":\"ReadAction\",\"target\":[\"https:\/\/nazarenovalencia.es\/video-la-modernizacion-la-inclusion-de-la-ssmv-en-la-sociedad\/\"]}]},{\"@type\":\"ImageObject\",\"inLanguage\":\"va\",\"@id\":\"https:\/\/nazarenovalencia.es\/video-la-modernizacion-la-inclusion-de-la-ssmv-en-la-sociedad\/#primaryimage\",\"url\":\"https:\/\/nazarenovalencia.es\/wp-content\/uploads\/2022\/09\/xarradapep_val.png\",\"contentUrl\":\"https:\/\/nazarenovalencia.es\/wp-content\/uploads\/2022\/09\/xarradapep_val.png\",\"width\":2050,\"height\":1448},{\"@type\":\"WebSite\",\"@id\":\"https:\/\/nazarenovalencia.es\/#website\",\"url\":\"https:\/\/nazarenovalencia.es\/\",\"name\":\"Real Hermandad de Nuestro Padre Jes\u00fas Nazareno \u00b7 Val\u00e8ncia\",\"description\":\"Sitio web oficial de la Real Hermandad de Nuestro Padre Jes\u00fas Nazareno. Hermandad perteneciente a la Semana Santa Marinera de Val\u00e8ncia. Parroquia Santa Mar\u00eda del Mar. Grau \u00b7 Poblats Mar\u00edtims\",\"publisher\":{\"@id\":\"https:\/\/nazarenovalencia.es\/#organization\"},\"potentialAction\":[{\"@type\":\"SearchAction\",\"target\":{\"@type\":\"EntryPoint\",\"urlTemplate\":\"https:\/\/nazarenovalencia.es\/?s={search_term_string}\"},\"query-input\":{\"@type\":\"PropertyValueSpecification\",\"valueRequired\":true,\"valueName\":\"search_term_string\"}}],\"inLanguage\":\"va\"},{\"@type\":\"Organization\",\"@id\":\"https:\/\/nazarenovalencia.es\/#organization\",\"name\":\"Real Hermandad de Nuestro Padre Jes\u00fas Nazareno\",\"url\":\"https:\/\/nazarenovalencia.es\/\",\"logo\":{\"@type\":\"ImageObject\",\"inLanguage\":\"va\",\"@id\":\"https:\/\/nazarenovalencia.es\/#\/schema\/logo\/image\/\",\"url\":\"https:\/\/nazarenovalencia.es\/wp-content\/uploads\/2022\/01\/logo-hermandad-sevilla.png\",\"contentUrl\":\"https:\/\/nazarenovalencia.es\/wp-content\/uploads\/2022\/01\/logo-hermandad-sevilla.png\",\"width\":1920,\"height\":1080,\"caption\":\"Real Hermandad de Nuestro Padre Jes\u00fas Nazareno\"},\"image\":{\"@id\":\"https:\/\/nazarenovalencia.es\/#\/schema\/logo\/image\/\"},\"sameAs\":[\"https:\/\/www.facebook.com\/valencia.hermandadnazareno\",\"https:\/\/x.com\/nazarenograo\",\"https:\/\/www.instagram.com\/nazarenovalencia\/\",\"https:\/\/www.youtube.com\/user\/nazarenovalencia\"]},{\"@type\":\"Person\",\"@id\":\"https:\/\/nazarenovalencia.es\/#\/schema\/person\/2a78b7b234902a9fb08c83036e6d4f24\",\"name\":\"admin\",\"sameAs\":[\"https:\/\/nazarenovalencia.es\"],\"url\":\"https:\/\/nazarenovalencia.es\/va\/author\/admin\/\"}]}<\/script>\n<!-- \/ Yoast SEO plugin. -->","yoast_head_json":{"title":"VIDEO: La Modernizaci\u00f3n - La inclusi\u00f3n de la SSMV en la sociedad - Real Hermandad de Nuestro Padre Jes\u00fas Nazareno \u00b7 Val\u00e8ncia","robots":{"index":"index","follow":"follow","max-snippet":"max-snippet:-1","max-image-preview":"max-image-preview:large","max-video-preview":"max-video-preview:-1"},"canonical":"https:\/\/nazarenovalencia.es\/va\/video-la-modernizacion-la-inclusion-de-la-ssmv-en-la-sociedad\/","og_locale":"en_US","og_type":"article","og_title":"VIDEO: La Modernizaci\u00f3n - La inclusi\u00f3n de la SSMV en la sociedad - Real Hermandad de Nuestro Padre Jes\u00fas Nazareno \u00b7 Val\u00e8ncia","og_description":"El pasado 27 de Septiembre celebramos en la casa museo de la Semana Santa Marinera, la charla que nos ofreci\u00f3 Pep Martorell sobre la Modernizaci\u00f3n de la Semana Santa Marinera para incluirse en la sociedad del siglo XXI. Pep Martorell, ha sido presidente de la Junta Mayor en dos periodos, del 2004 al 2007 y [&hellip;]","og_url":"https:\/\/nazarenovalencia.es\/va\/video-la-modernizacion-la-inclusion-de-la-ssmv-en-la-sociedad\/","og_site_name":"Real Hermandad de Nuestro Padre Jes\u00fas Nazareno \u00b7 Val\u00e8ncia","article_publisher":"https:\/\/www.facebook.com\/valencia.hermandadnazareno","article_published_time":"2022-09-29T12:40:14+00:00","article_modified_time":"2022-09-29T12:48:46+00:00","og_image":[{"width":1024,"height":723,"url":"https:\/\/nazarenovalencia.es\/wp-content\/uploads\/2022\/09\/xarradapep_val-1024x723.png","type":"image\/png"}],"author":"admin","twitter_card":"summary_large_image","twitter_creator":"@nazarenograo","twitter_site":"@nazarenograo","twitter_misc":{"Written by":"admin","Est. reading time":"1 minute"},"schema":{"@context":"https:\/\/schema.org","@graph":[{"@type":"Article","@id":"https:\/\/nazarenovalencia.es\/video-la-modernizacion-la-inclusion-de-la-ssmv-en-la-sociedad\/#article","isPartOf":{"@id":"https:\/\/nazarenovalencia.es\/video-la-modernizacion-la-inclusion-de-la-ssmv-en-la-sociedad\/"},"author":{"name":"admin","@id":"https:\/\/nazarenovalencia.es\/#\/schema\/person\/2a78b7b234902a9fb08c83036e6d4f24"},"headline":"VIDEO: La Modernizaci\u00f3n &#8211; La inclusi\u00f3n de la SSMV en la sociedad","datePublished":"2022-09-29T12:40:14+00:00","dateModified":"2022-09-29T12:48:46+00:00","mainEntityOfPage":{"@id":"https:\/\/nazarenovalencia.es\/video-la-modernizacion-la-inclusion-de-la-ssmv-en-la-sociedad\/"},"wordCount":158,"publisher":{"@id":"https:\/\/nazarenovalencia.es\/#organization"},"image":{"@id":"https:\/\/nazarenovalencia.es\/video-la-modernizacion-la-inclusion-de-la-ssmv-en-la-sociedad\/#primaryimage"},"thumbnailUrl":"https:\/\/nazarenovalencia.es\/wp-content\/uploads\/2022\/09\/xarradapep_val.png","articleSection":["General","Not\u00edcias"],"inLanguage":"va"},{"@type":"WebPage","@id":"https:\/\/nazarenovalencia.es\/video-la-modernizacion-la-inclusion-de-la-ssmv-en-la-sociedad\/","url":"https:\/\/nazarenovalencia.es\/video-la-modernizacion-la-inclusion-de-la-ssmv-en-la-sociedad\/","name":"VIDEO: La Modernizaci\u00f3n - La inclusi\u00f3n de la SSMV en la sociedad - Real Hermandad de Nuestro Padre Jes\u00fas Nazareno \u00b7 Val\u00e8ncia","isPartOf":{"@id":"https:\/\/nazarenovalencia.es\/#website"},"primaryImageOfPage":{"@id":"https:\/\/nazarenovalencia.es\/video-la-modernizacion-la-inclusion-de-la-ssmv-en-la-sociedad\/#primaryimage"},"image":{"@id":"https:\/\/nazarenovalencia.es\/video-la-modernizacion-la-inclusion-de-la-ssmv-en-la-sociedad\/#primaryimage"},"thumbnailUrl":"https:\/\/nazarenovalencia.es\/wp-content\/uploads\/2022\/09\/xarradapep_val.png","datePublished":"2022-09-29T12:40:14+00:00","dateModified":"2022-09-29T12:48:46+00:00","inLanguage":"va","potentialAction":[{"@type":"ReadAction","target":["https:\/\/nazarenovalencia.es\/video-la-modernizacion-la-inclusion-de-la-ssmv-en-la-sociedad\/"]}]},{"@type":"ImageObject","inLanguage":"va","@id":"https:\/\/nazarenovalencia.es\/video-la-modernizacion-la-inclusion-de-la-ssmv-en-la-sociedad\/#primaryimage","url":"https:\/\/nazarenovalencia.es\/wp-content\/uploads\/2022\/09\/xarradapep_val.png","contentUrl":"https:\/\/nazarenovalencia.es\/wp-content\/uploads\/2022\/09\/xarradapep_val.png","width":2050,"height":1448},{"@type":"WebSite","@id":"https:\/\/nazarenovalencia.es\/#website","url":"https:\/\/nazarenovalencia.es\/","name":"Real Hermandad de Nuestro Padre Jes\u00fas Nazareno \u00b7 Val\u00e8ncia","description":"Sitio web oficial de la Real Hermandad de Nuestro Padre Jes\u00fas Nazareno. Hermandad perteneciente a la Semana Santa Marinera de Val\u00e8ncia. Parroquia Santa Mar\u00eda del Mar. Grau \u00b7 Poblats Mar\u00edtims","publisher":{"@id":"https:\/\/nazarenovalencia.es\/#organization"},"potentialAction":[{"@type":"SearchAction","target":{"@type":"EntryPoint","urlTemplate":"https:\/\/nazarenovalencia.es\/?s={search_term_string}"},"query-input":{"@type":"PropertyValueSpecification","valueRequired":true,"valueName":"search_term_string"}}],"inLanguage":"va"},{"@type":"Organization","@id":"https:\/\/nazarenovalencia.es\/#organization","name":"Real Hermandad de Nuestro Padre Jes\u00fas Nazareno","url":"https:\/\/nazarenovalencia.es\/","logo":{"@type":"ImageObject","inLanguage":"va","@id":"https:\/\/nazarenovalencia.es\/#\/schema\/logo\/image\/","url":"https:\/\/nazarenovalencia.es\/wp-content\/uploads\/2022\/01\/logo-hermandad-sevilla.png","contentUrl":"https:\/\/nazarenovalencia.es\/wp-content\/uploads\/2022\/01\/logo-hermandad-sevilla.png","width":1920,"height":1080,"caption":"Real Hermandad de Nuestro Padre Jes\u00fas Nazareno"},"image":{"@id":"https:\/\/nazarenovalencia.es\/#\/schema\/logo\/image\/"},"sameAs":["https:\/\/www.facebook.com\/valencia.hermandadnazareno","https:\/\/x.com\/nazarenograo","https:\/\/www.instagram.com\/nazarenovalencia\/","https:\/\/www.youtube.com\/user\/nazarenovalencia"]},{"@type":"Person","@id":"https:\/\/nazarenovalencia.es\/#\/schema\/person\/2a78b7b234902a9fb08c83036e6d4f24","name":"admin","sameAs":["https:\/\/nazarenovalencia.es"],"url":"https:\/\/nazarenovalencia.es\/va\/author\/admin\/"}]}},"_links":{"self":[{"href":"https:\/\/nazarenovalencia.es\/va\/wp-json\/wp\/v2\/posts\/1067","targetHints":{"allow":["GET"]}}],"collection":[{"href":"https:\/\/nazarenovalencia.es\/va\/wp-json\/wp\/v2\/posts"}],"about":[{"href":"https:\/\/nazarenovalencia.es\/va\/wp-json\/wp\/v2\/types\/post"}],"author":[{"embeddable":true,"href":"https:\/\/nazarenovalencia.es\/va\/wp-json\/wp\/v2\/users\/1"}],"replies":[{"embeddable":true,"href":"https:\/\/nazarenovalencia.es\/va\/wp-json\/wp\/v2\/comments?post=1067"}],"version-history":[{"count":0,"href":"https:\/\/nazarenovalencia.es\/va\/wp-json\/wp\/v2\/posts\/1067\/revisions"}],"wp:featuredmedia":[{"embeddable":true,"href":"https:\/\/nazarenovalencia.es\/va\/wp-json\/wp\/v2\/media\/1062"}],"wp:attachment":[{"href":"https:\/\/nazarenovalencia.es\/va\/wp-json\/wp\/v2\/media?parent=1067"}],"wp:term":[{"taxonomy":"category","embeddable":true,"href":"https:\/\/nazarenovalencia.es\/va\/wp-json\/wp\/v2\/categories?post=1067"},{"taxonomy":"post_tag","embeddable":true,"href":"https:\/\/nazarenovalencia.es\/va\/wp-json\/wp\/v2\/tags?post=1067"}],"curies":[{"name":"wp","href":"https:\/\/api.w.org\/{rel}","templated":true}]}}