{"id":1096,"date":"2022-11-30T23:58:47","date_gmt":"2022-11-30T23:58:47","guid":{"rendered":"https:\/\/nazarenovalencia.es\/?p=1096"},"modified":"2022-11-30T23:58:47","modified_gmt":"2022-11-30T23:58:47","slug":"ya-a-la-venta-los-calendario-de-la-hermandad-para-el-2023","status":"publish","type":"post","link":"https:\/\/nazarenovalencia.es\/va\/ya-a-la-venta-los-calendario-de-la-hermandad-para-el-2023\/","title":{"rendered":"Ja a la venda els calendari de la germandat per al 2023"},"content":{"rendered":"<p>Volem informar que des de la germandat hem realitzat una tirada de calendaris limitada per a aquest pr\u00f2xim any entrant 2023. Les unitats, pensades per a frigor\u00edfics i que disposen d'un imant per a la subjecci\u00f3, disposen d'una imatge del Nuestro Padre Jes\u00fas Nazareno de grand\u00e0ria 10x15cm.<\/p>\n<p>L'horari de compra i recollida de calendari \u00e9s els divendres a les vesprades de 19.30 a 21.00 coincidint amb la venda i liquidaci\u00f3 de loteria de Nadal i xiquet. Cada unitat costa 2\u20ac i reiterem que \u00e9s una tirada limitada, aprofiteu i feu-vos amb el vostre calendari al m\u00e9s prompte possible.<\/p>\n<p>Entra de la millor forma l'any 2023 amb el calendari de la Germandat<\/p>\n<p>&nbsp;<\/p>","protected":false},"excerpt":{"rendered":"<p>Queremos informar que desde la hermandad hemos realizado una tirada de calendarios limitada para este pr\u00f3ximo a\u00f1o entrante 2023. Las unidades, pensadas para frigor\u00edficos y que disponen de un im\u00e1n para la sujeci\u00f3n, disponen de una imagen de Nuestro Padre Jes\u00fas Nazareno de tama\u00f1o 10x15cm. El horario de compra y recogida de calendario es los [&hellip;]<\/p>\n","protected":false},"author":1,"featured_media":1097,"comment_status":"closed","ping_status":"closed","sticky":false,"template":"","format":"standard","meta":{"footnotes":""},"categories":[12],"tags":[],"class_list":{"0":"post-1096","1":"post","2":"type-post","3":"status-publish","4":"format-standard","5":"has-post-thumbnail","6":"hentry","7":"category-general","9":"post-with-thumbnail","10":"post-with-thumbnail-large"},"yoast_head":"<!-- This site is optimized with the Yoast SEO plugin v27.2 - https:\/\/yoast.com\/product\/yoast-seo-wordpress\/ -->\n<title>Ya a la venta los calendario de la hermandad para el 2023 - Real Hermandad de Nuestro Padre Jes\u00fas Nazareno \u00b7 Val\u00e8ncia<\/title>\n<meta name=\"robots\" content=\"index, follow, max-snippet:-1, max-image-preview:large, max-video-preview:-1\" \/>\n<link rel=\"canonical\" href=\"https:\/\/nazarenovalencia.es\/va\/ya-a-la-venta-los-calendario-de-la-hermandad-para-el-2023\/\" \/>\n<meta property=\"og:locale\" content=\"en_US\" \/>\n<meta property=\"og:type\" content=\"article\" \/>\n<meta property=\"og:title\" content=\"Ya a la venta los calendario de la hermandad para el 2023 - Real Hermandad de Nuestro Padre Jes\u00fas Nazareno \u00b7 Val\u00e8ncia\" \/>\n<meta property=\"og:description\" content=\"Queremos informar que desde la hermandad hemos realizado una tirada de calendarios limitada para este pr\u00f3ximo a\u00f1o entrante 2023. Las unidades, pensadas para frigor\u00edficos y que disponen de un im\u00e1n para la sujeci\u00f3n, disponen de una imagen de Nuestro Padre Jes\u00fas Nazareno de tama\u00f1o 10x15cm. El horario de compra y recogida de calendario es los [&hellip;]\" \/>\n<meta property=\"og:url\" content=\"https:\/\/nazarenovalencia.es\/va\/ya-a-la-venta-los-calendario-de-la-hermandad-para-el-2023\/\" \/>\n<meta property=\"og:site_name\" content=\"Real Hermandad de Nuestro Padre Jes\u00fas Nazareno \u00b7 Val\u00e8ncia\" \/>\n<meta property=\"article:publisher\" content=\"https:\/\/www.facebook.com\/valencia.hermandadnazareno\" \/>\n<meta property=\"article:published_time\" content=\"2022-11-30T23:58:47+00:00\" \/>\n<meta property=\"og:image\" content=\"https:\/\/nazarenovalencia.es\/wp-content\/uploads\/2022\/11\/317718388_5377944488984635_2732518685613387654_n.jpg\" \/>\n\t<meta property=\"og:image:width\" content=\"664\" \/>\n\t<meta property=\"og:image:height\" content=\"664\" \/>\n\t<meta property=\"og:image:type\" content=\"image\/jpeg\" \/>\n<meta name=\"author\" content=\"admin\" \/>\n<meta name=\"twitter:card\" content=\"summary_large_image\" \/>\n<meta name=\"twitter:creator\" content=\"@nazarenograo\" \/>\n<meta name=\"twitter:site\" content=\"@nazarenograo\" \/>\n<meta name=\"twitter:label1\" content=\"Written by\" \/>\n\t<meta name=\"twitter:data1\" content=\"admin\" \/>\n\t<meta name=\"twitter:label2\" content=\"Est. reading time\" \/>\n\t<meta name=\"twitter:data2\" content=\"1 minute\" \/>\n<script type=\"application\/ld+json\" class=\"yoast-schema-graph\">{\"@context\":\"https:\/\/schema.org\",\"@graph\":[{\"@type\":\"Article\",\"@id\":\"https:\/\/nazarenovalencia.es\/ya-a-la-venta-los-calendario-de-la-hermandad-para-el-2023\/#article\",\"isPartOf\":{\"@id\":\"https:\/\/nazarenovalencia.es\/ya-a-la-venta-los-calendario-de-la-hermandad-para-el-2023\/\"},\"author\":{\"name\":\"admin\",\"@id\":\"https:\/\/nazarenovalencia.es\/#\/schema\/person\/2a78b7b234902a9fb08c83036e6d4f24\"},\"headline\":\"Ya a la venta los calendario de la hermandad para el 2023\",\"datePublished\":\"2022-11-30T23:58:47+00:00\",\"mainEntityOfPage\":{\"@id\":\"https:\/\/nazarenovalencia.es\/ya-a-la-venta-los-calendario-de-la-hermandad-para-el-2023\/\"},\"wordCount\":129,\"publisher\":{\"@id\":\"https:\/\/nazarenovalencia.es\/#organization\"},\"image\":{\"@id\":\"https:\/\/nazarenovalencia.es\/ya-a-la-venta-los-calendario-de-la-hermandad-para-el-2023\/#primaryimage\"},\"thumbnailUrl\":\"https:\/\/nazarenovalencia.es\/wp-content\/uploads\/2022\/11\/317718388_5377944488984635_2732518685613387654_n.jpg\",\"articleSection\":[\"General\"],\"inLanguage\":\"va\"},{\"@type\":\"WebPage\",\"@id\":\"https:\/\/nazarenovalencia.es\/ya-a-la-venta-los-calendario-de-la-hermandad-para-el-2023\/\",\"url\":\"https:\/\/nazarenovalencia.es\/ya-a-la-venta-los-calendario-de-la-hermandad-para-el-2023\/\",\"name\":\"Ya a la venta los calendario de la hermandad para el 2023 - Real Hermandad de Nuestro Padre Jes\u00fas Nazareno \u00b7 Val\u00e8ncia\",\"isPartOf\":{\"@id\":\"https:\/\/nazarenovalencia.es\/#website\"},\"primaryImageOfPage\":{\"@id\":\"https:\/\/nazarenovalencia.es\/ya-a-la-venta-los-calendario-de-la-hermandad-para-el-2023\/#primaryimage\"},\"image\":{\"@id\":\"https:\/\/nazarenovalencia.es\/ya-a-la-venta-los-calendario-de-la-hermandad-para-el-2023\/#primaryimage\"},\"thumbnailUrl\":\"https:\/\/nazarenovalencia.es\/wp-content\/uploads\/2022\/11\/317718388_5377944488984635_2732518685613387654_n.jpg\",\"datePublished\":\"2022-11-30T23:58:47+00:00\",\"inLanguage\":\"va\",\"potentialAction\":[{\"@type\":\"ReadAction\",\"target\":[\"https:\/\/nazarenovalencia.es\/ya-a-la-venta-los-calendario-de-la-hermandad-para-el-2023\/\"]}]},{\"@type\":\"ImageObject\",\"inLanguage\":\"va\",\"@id\":\"https:\/\/nazarenovalencia.es\/ya-a-la-venta-los-calendario-de-la-hermandad-para-el-2023\/#primaryimage\",\"url\":\"https:\/\/nazarenovalencia.es\/wp-content\/uploads\/2022\/11\/317718388_5377944488984635_2732518685613387654_n.jpg\",\"contentUrl\":\"https:\/\/nazarenovalencia.es\/wp-content\/uploads\/2022\/11\/317718388_5377944488984635_2732518685613387654_n.jpg\",\"width\":664,\"height\":664},{\"@type\":\"WebSite\",\"@id\":\"https:\/\/nazarenovalencia.es\/#website\",\"url\":\"https:\/\/nazarenovalencia.es\/\",\"name\":\"Real Hermandad de Nuestro Padre Jes\u00fas Nazareno \u00b7 Val\u00e8ncia\",\"description\":\"Sitio web oficial de la Real Hermandad de Nuestro Padre Jes\u00fas Nazareno. Hermandad perteneciente a la Semana Santa Marinera de Val\u00e8ncia. Parroquia Santa Mar\u00eda del Mar. Grau \u00b7 Poblats Mar\u00edtims\",\"publisher\":{\"@id\":\"https:\/\/nazarenovalencia.es\/#organization\"},\"potentialAction\":[{\"@type\":\"SearchAction\",\"target\":{\"@type\":\"EntryPoint\",\"urlTemplate\":\"https:\/\/nazarenovalencia.es\/?s={search_term_string}\"},\"query-input\":{\"@type\":\"PropertyValueSpecification\",\"valueRequired\":true,\"valueName\":\"search_term_string\"}}],\"inLanguage\":\"va\"},{\"@type\":\"Organization\",\"@id\":\"https:\/\/nazarenovalencia.es\/#organization\",\"name\":\"Real Hermandad de Nuestro Padre Jes\u00fas Nazareno\",\"url\":\"https:\/\/nazarenovalencia.es\/\",\"logo\":{\"@type\":\"ImageObject\",\"inLanguage\":\"va\",\"@id\":\"https:\/\/nazarenovalencia.es\/#\/schema\/logo\/image\/\",\"url\":\"https:\/\/nazarenovalencia.es\/wp-content\/uploads\/2022\/01\/logo-hermandad-sevilla.png\",\"contentUrl\":\"https:\/\/nazarenovalencia.es\/wp-content\/uploads\/2022\/01\/logo-hermandad-sevilla.png\",\"width\":1920,\"height\":1080,\"caption\":\"Real Hermandad de Nuestro Padre Jes\u00fas Nazareno\"},\"image\":{\"@id\":\"https:\/\/nazarenovalencia.es\/#\/schema\/logo\/image\/\"},\"sameAs\":[\"https:\/\/www.facebook.com\/valencia.hermandadnazareno\",\"https:\/\/x.com\/nazarenograo\",\"https:\/\/www.instagram.com\/nazarenovalencia\/\",\"https:\/\/www.youtube.com\/user\/nazarenovalencia\"]},{\"@type\":\"Person\",\"@id\":\"https:\/\/nazarenovalencia.es\/#\/schema\/person\/2a78b7b234902a9fb08c83036e6d4f24\",\"name\":\"admin\",\"sameAs\":[\"https:\/\/nazarenovalencia.es\"],\"url\":\"https:\/\/nazarenovalencia.es\/va\/author\/admin\/\"}]}<\/script>\n<!-- \/ Yoast SEO plugin. -->","yoast_head_json":{"title":"Ya a la venta los calendario de la hermandad para el 2023 - Real Hermandad de Nuestro Padre Jes\u00fas Nazareno \u00b7 Val\u00e8ncia","robots":{"index":"index","follow":"follow","max-snippet":"max-snippet:-1","max-image-preview":"max-image-preview:large","max-video-preview":"max-video-preview:-1"},"canonical":"https:\/\/nazarenovalencia.es\/va\/ya-a-la-venta-los-calendario-de-la-hermandad-para-el-2023\/","og_locale":"en_US","og_type":"article","og_title":"Ya a la venta los calendario de la hermandad para el 2023 - Real Hermandad de Nuestro Padre Jes\u00fas Nazareno \u00b7 Val\u00e8ncia","og_description":"Queremos informar que desde la hermandad hemos realizado una tirada de calendarios limitada para este pr\u00f3ximo a\u00f1o entrante 2023. Las unidades, pensadas para frigor\u00edficos y que disponen de un im\u00e1n para la sujeci\u00f3n, disponen de una imagen de Nuestro Padre Jes\u00fas Nazareno de tama\u00f1o 10x15cm. El horario de compra y recogida de calendario es los [&hellip;]","og_url":"https:\/\/nazarenovalencia.es\/va\/ya-a-la-venta-los-calendario-de-la-hermandad-para-el-2023\/","og_site_name":"Real Hermandad de Nuestro Padre Jes\u00fas Nazareno \u00b7 Val\u00e8ncia","article_publisher":"https:\/\/www.facebook.com\/valencia.hermandadnazareno","article_published_time":"2022-11-30T23:58:47+00:00","og_image":[{"width":664,"height":664,"url":"https:\/\/nazarenovalencia.es\/wp-content\/uploads\/2022\/11\/317718388_5377944488984635_2732518685613387654_n.jpg","type":"image\/jpeg"}],"author":"admin","twitter_card":"summary_large_image","twitter_creator":"@nazarenograo","twitter_site":"@nazarenograo","twitter_misc":{"Written by":"admin","Est. reading time":"1 minute"},"schema":{"@context":"https:\/\/schema.org","@graph":[{"@type":"Article","@id":"https:\/\/nazarenovalencia.es\/ya-a-la-venta-los-calendario-de-la-hermandad-para-el-2023\/#article","isPartOf":{"@id":"https:\/\/nazarenovalencia.es\/ya-a-la-venta-los-calendario-de-la-hermandad-para-el-2023\/"},"author":{"name":"admin","@id":"https:\/\/nazarenovalencia.es\/#\/schema\/person\/2a78b7b234902a9fb08c83036e6d4f24"},"headline":"Ya a la venta los calendario de la hermandad para el 2023","datePublished":"2022-11-30T23:58:47+00:00","mainEntityOfPage":{"@id":"https:\/\/nazarenovalencia.es\/ya-a-la-venta-los-calendario-de-la-hermandad-para-el-2023\/"},"wordCount":129,"publisher":{"@id":"https:\/\/nazarenovalencia.es\/#organization"},"image":{"@id":"https:\/\/nazarenovalencia.es\/ya-a-la-venta-los-calendario-de-la-hermandad-para-el-2023\/#primaryimage"},"thumbnailUrl":"https:\/\/nazarenovalencia.es\/wp-content\/uploads\/2022\/11\/317718388_5377944488984635_2732518685613387654_n.jpg","articleSection":["General"],"inLanguage":"va"},{"@type":"WebPage","@id":"https:\/\/nazarenovalencia.es\/ya-a-la-venta-los-calendario-de-la-hermandad-para-el-2023\/","url":"https:\/\/nazarenovalencia.es\/ya-a-la-venta-los-calendario-de-la-hermandad-para-el-2023\/","name":"Ya a la venta los calendario de la hermandad para el 2023 - Real Hermandad de Nuestro Padre Jes\u00fas Nazareno \u00b7 Val\u00e8ncia","isPartOf":{"@id":"https:\/\/nazarenovalencia.es\/#website"},"primaryImageOfPage":{"@id":"https:\/\/nazarenovalencia.es\/ya-a-la-venta-los-calendario-de-la-hermandad-para-el-2023\/#primaryimage"},"image":{"@id":"https:\/\/nazarenovalencia.es\/ya-a-la-venta-los-calendario-de-la-hermandad-para-el-2023\/#primaryimage"},"thumbnailUrl":"https:\/\/nazarenovalencia.es\/wp-content\/uploads\/2022\/11\/317718388_5377944488984635_2732518685613387654_n.jpg","datePublished":"2022-11-30T23:58:47+00:00","inLanguage":"va","potentialAction":[{"@type":"ReadAction","target":["https:\/\/nazarenovalencia.es\/ya-a-la-venta-los-calendario-de-la-hermandad-para-el-2023\/"]}]},{"@type":"ImageObject","inLanguage":"va","@id":"https:\/\/nazarenovalencia.es\/ya-a-la-venta-los-calendario-de-la-hermandad-para-el-2023\/#primaryimage","url":"https:\/\/nazarenovalencia.es\/wp-content\/uploads\/2022\/11\/317718388_5377944488984635_2732518685613387654_n.jpg","contentUrl":"https:\/\/nazarenovalencia.es\/wp-content\/uploads\/2022\/11\/317718388_5377944488984635_2732518685613387654_n.jpg","width":664,"height":664},{"@type":"WebSite","@id":"https:\/\/nazarenovalencia.es\/#website","url":"https:\/\/nazarenovalencia.es\/","name":"Real Hermandad de Nuestro Padre Jes\u00fas Nazareno \u00b7 Val\u00e8ncia","description":"Sitio web oficial de la Real Hermandad de Nuestro Padre Jes\u00fas Nazareno. Hermandad perteneciente a la Semana Santa Marinera de Val\u00e8ncia. Parroquia Santa Mar\u00eda del Mar. Grau \u00b7 Poblats Mar\u00edtims","publisher":{"@id":"https:\/\/nazarenovalencia.es\/#organization"},"potentialAction":[{"@type":"SearchAction","target":{"@type":"EntryPoint","urlTemplate":"https:\/\/nazarenovalencia.es\/?s={search_term_string}"},"query-input":{"@type":"PropertyValueSpecification","valueRequired":true,"valueName":"search_term_string"}}],"inLanguage":"va"},{"@type":"Organization","@id":"https:\/\/nazarenovalencia.es\/#organization","name":"Real Hermandad de Nuestro Padre Jes\u00fas Nazareno","url":"https:\/\/nazarenovalencia.es\/","logo":{"@type":"ImageObject","inLanguage":"va","@id":"https:\/\/nazarenovalencia.es\/#\/schema\/logo\/image\/","url":"https:\/\/nazarenovalencia.es\/wp-content\/uploads\/2022\/01\/logo-hermandad-sevilla.png","contentUrl":"https:\/\/nazarenovalencia.es\/wp-content\/uploads\/2022\/01\/logo-hermandad-sevilla.png","width":1920,"height":1080,"caption":"Real Hermandad de Nuestro Padre Jes\u00fas Nazareno"},"image":{"@id":"https:\/\/nazarenovalencia.es\/#\/schema\/logo\/image\/"},"sameAs":["https:\/\/www.facebook.com\/valencia.hermandadnazareno","https:\/\/x.com\/nazarenograo","https:\/\/www.instagram.com\/nazarenovalencia\/","https:\/\/www.youtube.com\/user\/nazarenovalencia"]},{"@type":"Person","@id":"https:\/\/nazarenovalencia.es\/#\/schema\/person\/2a78b7b234902a9fb08c83036e6d4f24","name":"admin","sameAs":["https:\/\/nazarenovalencia.es"],"url":"https:\/\/nazarenovalencia.es\/va\/author\/admin\/"}]}},"_links":{"self":[{"href":"https:\/\/nazarenovalencia.es\/va\/wp-json\/wp\/v2\/posts\/1096","targetHints":{"allow":["GET"]}}],"collection":[{"href":"https:\/\/nazarenovalencia.es\/va\/wp-json\/wp\/v2\/posts"}],"about":[{"href":"https:\/\/nazarenovalencia.es\/va\/wp-json\/wp\/v2\/types\/post"}],"author":[{"embeddable":true,"href":"https:\/\/nazarenovalencia.es\/va\/wp-json\/wp\/v2\/users\/1"}],"replies":[{"embeddable":true,"href":"https:\/\/nazarenovalencia.es\/va\/wp-json\/wp\/v2\/comments?post=1096"}],"version-history":[{"count":0,"href":"https:\/\/nazarenovalencia.es\/va\/wp-json\/wp\/v2\/posts\/1096\/revisions"}],"wp:featuredmedia":[{"embeddable":true,"href":"https:\/\/nazarenovalencia.es\/va\/wp-json\/wp\/v2\/media\/1097"}],"wp:attachment":[{"href":"https:\/\/nazarenovalencia.es\/va\/wp-json\/wp\/v2\/media?parent=1096"}],"wp:term":[{"taxonomy":"category","embeddable":true,"href":"https:\/\/nazarenovalencia.es\/va\/wp-json\/wp\/v2\/categories?post=1096"},{"taxonomy":"post_tag","embeddable":true,"href":"https:\/\/nazarenovalencia.es\/va\/wp-json\/wp\/v2\/tags?post=1096"}],"curies":[{"name":"wp","href":"https:\/\/api.w.org\/{rel}","templated":true}]}}