{"id":1107,"date":"2022-12-02T00:35:20","date_gmt":"2022-12-02T00:35:20","guid":{"rendered":"https:\/\/nazarenovalencia.es\/?p=1107"},"modified":"2022-12-06T15:38:44","modified_gmt":"2022-12-06T15:38:44","slug":"inscripcion-comida-navidad","status":"publish","type":"post","link":"https:\/\/nazarenovalencia.es\/va\/inscripcion-comida-navidad\/","title":{"rendered":"Inscripci\u00f3 menjar Nadal"},"content":{"rendered":"<p>La germandat, com en anys anteriors, celebrar\u00e0 a la seu el proper dissabte 17 de desembre el dinar de Nadal d'aquest 2022.<\/p>\n<p>Els plats a triar son:<\/p>\n<ul>\n<li>Fideu\u00e0<\/li>\n<li>Arr\u00f2s al Forn<\/li>\n<li>Macarrons<\/li>\n<\/ul>\n<p>El cost \u00e9s de 7\u20ac per persona i raci\u00f3 i 3\u20ac la segona persona que compartix la raci\u00f3<\/p>\n<p>La inscripci\u00f3 es tancar\u00e0 el 15 de desembre a les 23:59 i vos podeu inscriure al formulari de baix d'aquest text d'una manera ben senzilla, nom\u00e9s heu d'indicar les racions i per a que confrare \u00e9s.<\/p>\n<p>Vos esperem a tots\/es al dinar Nadalenc on ens acomiadarem fins al pr\u00f2xim 2023<\/p>\n<p>&nbsp;<\/p>\n<p>&nbsp;<\/p>\n<p><iframe loading=\"lazy\" src=\"https:\/\/docs.google.com\/forms\/d\/e\/1FAIpQLSdjVAEIZ6IyvCSsKepqyNEx6XCZM-EwR2h248MKL5UWtXZ70g\/viewform?embedded=true\" width=\"640\" height=\"1629\" frameborder=\"0\" marginheight=\"0\" marginwidth=\"0\">Cargando\u2026<\/iframe><\/p>","protected":false},"excerpt":{"rendered":"<p>La hermandad, como en a\u00f1os anteriores, celebrar\u00e1 en la sede el pr\u00f3ximo s\u00e1bado 17 de diciembre la comida de Navidad de este 2022. Los platos a elegir son: Fideu\u00e0 Arroz al Horno Macarrones El coste es de 7\u20ac por persona y raci\u00f3n y 3\u20ac la segunda persona que comparte\u00a0la\u00a0raci\u00f3n La inscripci\u00f3n se cerrar\u00e1 el 15 [&hellip;]<\/p>\n","protected":false},"author":1,"featured_media":1115,"comment_status":"closed","ping_status":"closed","sticky":false,"template":"","format":"standard","meta":{"footnotes":""},"categories":[12],"tags":[],"class_list":{"0":"post-1107","1":"post","2":"type-post","3":"status-publish","4":"format-standard","5":"has-post-thumbnail","6":"hentry","7":"category-general","9":"post-with-thumbnail","10":"post-with-thumbnail-large"},"yoast_head":"<!-- This site is optimized with the Yoast SEO plugin v27.2 - https:\/\/yoast.com\/product\/yoast-seo-wordpress\/ -->\n<title>Inscripci\u00f3n comida Navidad - Real Hermandad de Nuestro Padre Jes\u00fas Nazareno \u00b7 Val\u00e8ncia<\/title>\n<meta name=\"robots\" content=\"index, follow, max-snippet:-1, max-image-preview:large, max-video-preview:-1\" \/>\n<link rel=\"canonical\" href=\"https:\/\/nazarenovalencia.es\/va\/inscripcion-comida-navidad\/\" \/>\n<meta property=\"og:locale\" content=\"en_US\" \/>\n<meta property=\"og:type\" content=\"article\" \/>\n<meta property=\"og:title\" content=\"Inscripci\u00f3n comida Navidad - Real Hermandad de Nuestro Padre Jes\u00fas Nazareno \u00b7 Val\u00e8ncia\" \/>\n<meta property=\"og:description\" content=\"La hermandad, como en a\u00f1os anteriores, celebrar\u00e1 en la sede el pr\u00f3ximo s\u00e1bado 17 de diciembre la comida de Navidad de este 2022. Los platos a elegir son: Fideu\u00e0 Arroz al Horno Macarrones El coste es de 7\u20ac por persona y raci\u00f3n y 3\u20ac la segunda persona que comparte\u00a0la\u00a0raci\u00f3n La inscripci\u00f3n se cerrar\u00e1 el 15 [&hellip;]\" \/>\n<meta property=\"og:url\" content=\"https:\/\/nazarenovalencia.es\/va\/inscripcion-comida-navidad\/\" \/>\n<meta property=\"og:site_name\" content=\"Real Hermandad de Nuestro Padre Jes\u00fas Nazareno \u00b7 Val\u00e8ncia\" \/>\n<meta property=\"article:publisher\" content=\"https:\/\/www.facebook.com\/valencia.hermandadnazareno\" \/>\n<meta property=\"article:published_time\" content=\"2022-12-02T00:35:20+00:00\" \/>\n<meta property=\"article:modified_time\" content=\"2022-12-06T15:38:44+00:00\" \/>\n<meta property=\"og:image\" content=\"https:\/\/nazarenovalencia.es\/wp-content\/uploads\/2022\/12\/comidanavidad.webp\" \/>\n\t<meta property=\"og:image:width\" content=\"2500\" \/>\n\t<meta property=\"og:image:height\" content=\"1071\" \/>\n\t<meta property=\"og:image:type\" content=\"image\/webp\" \/>\n<meta name=\"author\" content=\"admin\" \/>\n<meta name=\"twitter:card\" content=\"summary_large_image\" \/>\n<meta name=\"twitter:creator\" content=\"@nazarenograo\" \/>\n<meta name=\"twitter:site\" content=\"@nazarenograo\" \/>\n<meta name=\"twitter:label1\" content=\"Written by\" \/>\n\t<meta name=\"twitter:data1\" content=\"admin\" \/>\n\t<meta name=\"twitter:label2\" content=\"Est. reading time\" \/>\n\t<meta name=\"twitter:data2\" content=\"1 minute\" \/>\n<script type=\"application\/ld+json\" class=\"yoast-schema-graph\">{\"@context\":\"https:\/\/schema.org\",\"@graph\":[{\"@type\":\"Article\",\"@id\":\"https:\/\/nazarenovalencia.es\/inscripcion-comida-navidad\/#article\",\"isPartOf\":{\"@id\":\"https:\/\/nazarenovalencia.es\/inscripcion-comida-navidad\/\"},\"author\":{\"name\":\"admin\",\"@id\":\"https:\/\/nazarenovalencia.es\/#\/schema\/person\/2a78b7b234902a9fb08c83036e6d4f24\"},\"headline\":\"Inscripci\u00f3n comida Navidad\",\"datePublished\":\"2022-12-02T00:35:20+00:00\",\"dateModified\":\"2022-12-06T15:38:44+00:00\",\"mainEntityOfPage\":{\"@id\":\"https:\/\/nazarenovalencia.es\/inscripcion-comida-navidad\/\"},\"wordCount\":115,\"publisher\":{\"@id\":\"https:\/\/nazarenovalencia.es\/#organization\"},\"image\":{\"@id\":\"https:\/\/nazarenovalencia.es\/inscripcion-comida-navidad\/#primaryimage\"},\"thumbnailUrl\":\"https:\/\/nazarenovalencia.es\/wp-content\/uploads\/2022\/12\/comidanavidad.webp\",\"articleSection\":[\"General\"],\"inLanguage\":\"va\"},{\"@type\":\"WebPage\",\"@id\":\"https:\/\/nazarenovalencia.es\/inscripcion-comida-navidad\/\",\"url\":\"https:\/\/nazarenovalencia.es\/inscripcion-comida-navidad\/\",\"name\":\"Inscripci\u00f3n comida Navidad - Real Hermandad de Nuestro Padre Jes\u00fas Nazareno \u00b7 Val\u00e8ncia\",\"isPartOf\":{\"@id\":\"https:\/\/nazarenovalencia.es\/#website\"},\"primaryImageOfPage\":{\"@id\":\"https:\/\/nazarenovalencia.es\/inscripcion-comida-navidad\/#primaryimage\"},\"image\":{\"@id\":\"https:\/\/nazarenovalencia.es\/inscripcion-comida-navidad\/#primaryimage\"},\"thumbnailUrl\":\"https:\/\/nazarenovalencia.es\/wp-content\/uploads\/2022\/12\/comidanavidad.webp\",\"datePublished\":\"2022-12-02T00:35:20+00:00\",\"dateModified\":\"2022-12-06T15:38:44+00:00\",\"inLanguage\":\"va\",\"potentialAction\":[{\"@type\":\"ReadAction\",\"target\":[\"https:\/\/nazarenovalencia.es\/inscripcion-comida-navidad\/\"]}]},{\"@type\":\"ImageObject\",\"inLanguage\":\"va\",\"@id\":\"https:\/\/nazarenovalencia.es\/inscripcion-comida-navidad\/#primaryimage\",\"url\":\"https:\/\/nazarenovalencia.es\/wp-content\/uploads\/2022\/12\/comidanavidad.webp\",\"contentUrl\":\"https:\/\/nazarenovalencia.es\/wp-content\/uploads\/2022\/12\/comidanavidad.webp\",\"width\":2500,\"height\":1071},{\"@type\":\"WebSite\",\"@id\":\"https:\/\/nazarenovalencia.es\/#website\",\"url\":\"https:\/\/nazarenovalencia.es\/\",\"name\":\"Real Hermandad de Nuestro Padre Jes\u00fas Nazareno \u00b7 Val\u00e8ncia\",\"description\":\"Sitio web oficial de la Real Hermandad de Nuestro Padre Jes\u00fas Nazareno. Hermandad perteneciente a la Semana Santa Marinera de Val\u00e8ncia. Parroquia Santa Mar\u00eda del Mar. Grau \u00b7 Poblats Mar\u00edtims\",\"publisher\":{\"@id\":\"https:\/\/nazarenovalencia.es\/#organization\"},\"potentialAction\":[{\"@type\":\"SearchAction\",\"target\":{\"@type\":\"EntryPoint\",\"urlTemplate\":\"https:\/\/nazarenovalencia.es\/?s={search_term_string}\"},\"query-input\":{\"@type\":\"PropertyValueSpecification\",\"valueRequired\":true,\"valueName\":\"search_term_string\"}}],\"inLanguage\":\"va\"},{\"@type\":\"Organization\",\"@id\":\"https:\/\/nazarenovalencia.es\/#organization\",\"name\":\"Real Hermandad de Nuestro Padre Jes\u00fas Nazareno\",\"url\":\"https:\/\/nazarenovalencia.es\/\",\"logo\":{\"@type\":\"ImageObject\",\"inLanguage\":\"va\",\"@id\":\"https:\/\/nazarenovalencia.es\/#\/schema\/logo\/image\/\",\"url\":\"https:\/\/nazarenovalencia.es\/wp-content\/uploads\/2022\/01\/logo-hermandad-sevilla.png\",\"contentUrl\":\"https:\/\/nazarenovalencia.es\/wp-content\/uploads\/2022\/01\/logo-hermandad-sevilla.png\",\"width\":1920,\"height\":1080,\"caption\":\"Real Hermandad de Nuestro Padre Jes\u00fas Nazareno\"},\"image\":{\"@id\":\"https:\/\/nazarenovalencia.es\/#\/schema\/logo\/image\/\"},\"sameAs\":[\"https:\/\/www.facebook.com\/valencia.hermandadnazareno\",\"https:\/\/x.com\/nazarenograo\",\"https:\/\/www.instagram.com\/nazarenovalencia\/\",\"https:\/\/www.youtube.com\/user\/nazarenovalencia\"]},{\"@type\":\"Person\",\"@id\":\"https:\/\/nazarenovalencia.es\/#\/schema\/person\/2a78b7b234902a9fb08c83036e6d4f24\",\"name\":\"admin\",\"sameAs\":[\"https:\/\/nazarenovalencia.es\"],\"url\":\"https:\/\/nazarenovalencia.es\/va\/author\/admin\/\"}]}<\/script>\n<!-- \/ Yoast SEO plugin. -->","yoast_head_json":{"title":"Inscripci\u00f3n comida Navidad - Real Hermandad de Nuestro Padre Jes\u00fas Nazareno \u00b7 Val\u00e8ncia","robots":{"index":"index","follow":"follow","max-snippet":"max-snippet:-1","max-image-preview":"max-image-preview:large","max-video-preview":"max-video-preview:-1"},"canonical":"https:\/\/nazarenovalencia.es\/va\/inscripcion-comida-navidad\/","og_locale":"en_US","og_type":"article","og_title":"Inscripci\u00f3n comida Navidad - Real Hermandad de Nuestro Padre Jes\u00fas Nazareno \u00b7 Val\u00e8ncia","og_description":"La hermandad, como en a\u00f1os anteriores, celebrar\u00e1 en la sede el pr\u00f3ximo s\u00e1bado 17 de diciembre la comida de Navidad de este 2022. Los platos a elegir son: Fideu\u00e0 Arroz al Horno Macarrones El coste es de 7\u20ac por persona y raci\u00f3n y 3\u20ac la segunda persona que comparte\u00a0la\u00a0raci\u00f3n La inscripci\u00f3n se cerrar\u00e1 el 15 [&hellip;]","og_url":"https:\/\/nazarenovalencia.es\/va\/inscripcion-comida-navidad\/","og_site_name":"Real Hermandad de Nuestro Padre Jes\u00fas Nazareno \u00b7 Val\u00e8ncia","article_publisher":"https:\/\/www.facebook.com\/valencia.hermandadnazareno","article_published_time":"2022-12-02T00:35:20+00:00","article_modified_time":"2022-12-06T15:38:44+00:00","og_image":[{"width":2500,"height":1071,"url":"https:\/\/nazarenovalencia.es\/wp-content\/uploads\/2022\/12\/comidanavidad.webp","type":"image\/webp"}],"author":"admin","twitter_card":"summary_large_image","twitter_creator":"@nazarenograo","twitter_site":"@nazarenograo","twitter_misc":{"Written by":"admin","Est. reading time":"1 minute"},"schema":{"@context":"https:\/\/schema.org","@graph":[{"@type":"Article","@id":"https:\/\/nazarenovalencia.es\/inscripcion-comida-navidad\/#article","isPartOf":{"@id":"https:\/\/nazarenovalencia.es\/inscripcion-comida-navidad\/"},"author":{"name":"admin","@id":"https:\/\/nazarenovalencia.es\/#\/schema\/person\/2a78b7b234902a9fb08c83036e6d4f24"},"headline":"Inscripci\u00f3n comida Navidad","datePublished":"2022-12-02T00:35:20+00:00","dateModified":"2022-12-06T15:38:44+00:00","mainEntityOfPage":{"@id":"https:\/\/nazarenovalencia.es\/inscripcion-comida-navidad\/"},"wordCount":115,"publisher":{"@id":"https:\/\/nazarenovalencia.es\/#organization"},"image":{"@id":"https:\/\/nazarenovalencia.es\/inscripcion-comida-navidad\/#primaryimage"},"thumbnailUrl":"https:\/\/nazarenovalencia.es\/wp-content\/uploads\/2022\/12\/comidanavidad.webp","articleSection":["General"],"inLanguage":"va"},{"@type":"WebPage","@id":"https:\/\/nazarenovalencia.es\/inscripcion-comida-navidad\/","url":"https:\/\/nazarenovalencia.es\/inscripcion-comida-navidad\/","name":"Inscripci\u00f3n comida Navidad - Real Hermandad de Nuestro Padre Jes\u00fas Nazareno \u00b7 Val\u00e8ncia","isPartOf":{"@id":"https:\/\/nazarenovalencia.es\/#website"},"primaryImageOfPage":{"@id":"https:\/\/nazarenovalencia.es\/inscripcion-comida-navidad\/#primaryimage"},"image":{"@id":"https:\/\/nazarenovalencia.es\/inscripcion-comida-navidad\/#primaryimage"},"thumbnailUrl":"https:\/\/nazarenovalencia.es\/wp-content\/uploads\/2022\/12\/comidanavidad.webp","datePublished":"2022-12-02T00:35:20+00:00","dateModified":"2022-12-06T15:38:44+00:00","inLanguage":"va","potentialAction":[{"@type":"ReadAction","target":["https:\/\/nazarenovalencia.es\/inscripcion-comida-navidad\/"]}]},{"@type":"ImageObject","inLanguage":"va","@id":"https:\/\/nazarenovalencia.es\/inscripcion-comida-navidad\/#primaryimage","url":"https:\/\/nazarenovalencia.es\/wp-content\/uploads\/2022\/12\/comidanavidad.webp","contentUrl":"https:\/\/nazarenovalencia.es\/wp-content\/uploads\/2022\/12\/comidanavidad.webp","width":2500,"height":1071},{"@type":"WebSite","@id":"https:\/\/nazarenovalencia.es\/#website","url":"https:\/\/nazarenovalencia.es\/","name":"Real Hermandad de Nuestro Padre Jes\u00fas Nazareno \u00b7 Val\u00e8ncia","description":"Sitio web oficial de la Real Hermandad de Nuestro Padre Jes\u00fas Nazareno. Hermandad perteneciente a la Semana Santa Marinera de Val\u00e8ncia. Parroquia Santa Mar\u00eda del Mar. Grau \u00b7 Poblats Mar\u00edtims","publisher":{"@id":"https:\/\/nazarenovalencia.es\/#organization"},"potentialAction":[{"@type":"SearchAction","target":{"@type":"EntryPoint","urlTemplate":"https:\/\/nazarenovalencia.es\/?s={search_term_string}"},"query-input":{"@type":"PropertyValueSpecification","valueRequired":true,"valueName":"search_term_string"}}],"inLanguage":"va"},{"@type":"Organization","@id":"https:\/\/nazarenovalencia.es\/#organization","name":"Real Hermandad de Nuestro Padre Jes\u00fas Nazareno","url":"https:\/\/nazarenovalencia.es\/","logo":{"@type":"ImageObject","inLanguage":"va","@id":"https:\/\/nazarenovalencia.es\/#\/schema\/logo\/image\/","url":"https:\/\/nazarenovalencia.es\/wp-content\/uploads\/2022\/01\/logo-hermandad-sevilla.png","contentUrl":"https:\/\/nazarenovalencia.es\/wp-content\/uploads\/2022\/01\/logo-hermandad-sevilla.png","width":1920,"height":1080,"caption":"Real Hermandad de Nuestro Padre Jes\u00fas Nazareno"},"image":{"@id":"https:\/\/nazarenovalencia.es\/#\/schema\/logo\/image\/"},"sameAs":["https:\/\/www.facebook.com\/valencia.hermandadnazareno","https:\/\/x.com\/nazarenograo","https:\/\/www.instagram.com\/nazarenovalencia\/","https:\/\/www.youtube.com\/user\/nazarenovalencia"]},{"@type":"Person","@id":"https:\/\/nazarenovalencia.es\/#\/schema\/person\/2a78b7b234902a9fb08c83036e6d4f24","name":"admin","sameAs":["https:\/\/nazarenovalencia.es"],"url":"https:\/\/nazarenovalencia.es\/va\/author\/admin\/"}]}},"_links":{"self":[{"href":"https:\/\/nazarenovalencia.es\/va\/wp-json\/wp\/v2\/posts\/1107","targetHints":{"allow":["GET"]}}],"collection":[{"href":"https:\/\/nazarenovalencia.es\/va\/wp-json\/wp\/v2\/posts"}],"about":[{"href":"https:\/\/nazarenovalencia.es\/va\/wp-json\/wp\/v2\/types\/post"}],"author":[{"embeddable":true,"href":"https:\/\/nazarenovalencia.es\/va\/wp-json\/wp\/v2\/users\/1"}],"replies":[{"embeddable":true,"href":"https:\/\/nazarenovalencia.es\/va\/wp-json\/wp\/v2\/comments?post=1107"}],"version-history":[{"count":0,"href":"https:\/\/nazarenovalencia.es\/va\/wp-json\/wp\/v2\/posts\/1107\/revisions"}],"wp:featuredmedia":[{"embeddable":true,"href":"https:\/\/nazarenovalencia.es\/va\/wp-json\/wp\/v2\/media\/1115"}],"wp:attachment":[{"href":"https:\/\/nazarenovalencia.es\/va\/wp-json\/wp\/v2\/media?parent=1107"}],"wp:term":[{"taxonomy":"category","embeddable":true,"href":"https:\/\/nazarenovalencia.es\/va\/wp-json\/wp\/v2\/categories?post=1107"},{"taxonomy":"post_tag","embeddable":true,"href":"https:\/\/nazarenovalencia.es\/va\/wp-json\/wp\/v2\/tags?post=1107"}],"curies":[{"name":"wp","href":"https:\/\/api.w.org\/{rel}","templated":true}]}}