{"id":1122,"date":"2022-12-18T21:55:53","date_gmt":"2022-12-18T21:55:53","guid":{"rendered":"https:\/\/nazarenovalencia.es\/?p=1122"},"modified":"2022-12-18T21:55:53","modified_gmt":"2022-12-18T21:55:53","slug":"ganadores-del-1er-premio-del-concurso-de-belenes","status":"publish","type":"post","link":"https:\/\/nazarenovalencia.es\/va\/ganadores-del-1er-premio-del-concurso-de-belenes\/","title":{"rendered":"Guanyadors del 1r premi del concurs de Betlems"},"content":{"rendered":"<p>Aquest migdia en la Parr\u00f2quia de Nuestra Se\u00f1ora del Rosario, en finalitzar el concert de Nadal oferit per la Agrupaci\u00f3 Musical Santa Cec\u00edlia del Grau, la Junta Major de la Setmana Santa Marinera ha donat a con\u00e9ixer els premis del XXXII Concurs de Pesebres. I estem molt contents d'anunciar-vos que la nostra germandat, ha GUANYAT el primer premi de la categoria en la qual particip\u00e0vem.<\/p>\n<p>El nostre Betlem enguany participava en la categoria Original de fins a 2 metres quadrats i mes contents no podr\u00edem estar.<\/p>\n<p>Estem molt orgullosos que est\u00e0 realitzat completament amb elements reciclats. A m\u00e9s, les figures han sigut creades pels xicotets de la nostra germanor, la qual cosa li dona un toc molt especial. L'estructura representa una gatera, i hem tractat de capturar l'ess\u00e8ncia del naixement en aquest, el nostre Betlem, d'enguany. Esperem que gaudisquen veient-ho tant com nosaltres ho hem gaudit fent.<\/p>\n<p>A m\u00e9s, en aquesta publicacions volem felicitar els guanyadors de la resta de categories i desitjar a totes les germandats tota la sort del m\u00f3n per a l'any vinent.<\/p>","protected":false},"excerpt":{"rendered":"<p>Este mediod\u00eda en la Parroquia de Nuestra Se\u00f1ora del Rosario, al finalizar el concierto de Navidad ofrecido por la Agrupaci\u00f3 Musical Santa Cec\u00edlia del Grau, la Junta Mayor de la Semana Santa Marinera ha dado a conocer los premios del XXXII Concurso de Belenes. Y estamos muy contentos de anunciaros que nuestra hermandad, ha GANADO [&hellip;]<\/p>\n","protected":false},"author":1,"featured_media":1123,"comment_status":"closed","ping_status":"closed","sticky":false,"template":"","format":"standard","meta":{"footnotes":""},"categories":[11],"tags":[],"class_list":{"0":"post-1122","1":"post","2":"type-post","3":"status-publish","4":"format-standard","5":"has-post-thumbnail","6":"hentry","7":"category-noticias","9":"post-with-thumbnail","10":"post-with-thumbnail-large"},"yoast_head":"<!-- This site is optimized with the Yoast SEO plugin v27.2 - https:\/\/yoast.com\/product\/yoast-seo-wordpress\/ -->\n<title>Ganadores del 1er premio del concurso de Belenes - Real Hermandad de Nuestro Padre Jes\u00fas Nazareno \u00b7 Val\u00e8ncia<\/title>\n<meta name=\"robots\" content=\"index, follow, max-snippet:-1, max-image-preview:large, max-video-preview:-1\" \/>\n<link rel=\"canonical\" href=\"https:\/\/nazarenovalencia.es\/va\/ganadores-del-1er-premio-del-concurso-de-belenes\/\" \/>\n<meta property=\"og:locale\" content=\"en_US\" \/>\n<meta property=\"og:type\" content=\"article\" \/>\n<meta property=\"og:title\" content=\"Ganadores del 1er premio del concurso de Belenes - Real Hermandad de Nuestro Padre Jes\u00fas Nazareno \u00b7 Val\u00e8ncia\" \/>\n<meta property=\"og:description\" content=\"Este mediod\u00eda en la Parroquia de Nuestra Se\u00f1ora del Rosario, al finalizar el concierto de Navidad ofrecido por la Agrupaci\u00f3 Musical Santa Cec\u00edlia del Grau, la Junta Mayor de la Semana Santa Marinera ha dado a conocer los premios del XXXII Concurso de Belenes. Y estamos muy contentos de anunciaros que nuestra hermandad, ha GANADO [&hellip;]\" \/>\n<meta property=\"og:url\" content=\"https:\/\/nazarenovalencia.es\/va\/ganadores-del-1er-premio-del-concurso-de-belenes\/\" \/>\n<meta property=\"og:site_name\" content=\"Real Hermandad de Nuestro Padre Jes\u00fas Nazareno \u00b7 Val\u00e8ncia\" \/>\n<meta property=\"article:publisher\" content=\"https:\/\/www.facebook.com\/valencia.hermandadnazareno\" \/>\n<meta property=\"article:published_time\" content=\"2022-12-18T21:55:53+00:00\" \/>\n<meta property=\"og:image\" content=\"https:\/\/nazarenovalencia.es\/wp-content\/uploads\/2022\/12\/320855931_692334232451276_6126098505023144524_n.jpg\" \/>\n\t<meta property=\"og:image:width\" content=\"1440\" \/>\n\t<meta property=\"og:image:height\" content=\"1800\" \/>\n\t<meta property=\"og:image:type\" content=\"image\/jpeg\" \/>\n<meta name=\"author\" content=\"admin\" \/>\n<meta name=\"twitter:card\" content=\"summary_large_image\" \/>\n<meta name=\"twitter:creator\" content=\"@nazarenograo\" \/>\n<meta name=\"twitter:site\" content=\"@nazarenograo\" \/>\n<meta name=\"twitter:label1\" content=\"Written by\" \/>\n\t<meta name=\"twitter:data1\" content=\"admin\" \/>\n\t<meta name=\"twitter:label2\" content=\"Est. reading time\" \/>\n\t<meta name=\"twitter:data2\" content=\"1 minute\" \/>\n<script type=\"application\/ld+json\" class=\"yoast-schema-graph\">{\"@context\":\"https:\/\/schema.org\",\"@graph\":[{\"@type\":\"Article\",\"@id\":\"https:\/\/nazarenovalencia.es\/ganadores-del-1er-premio-del-concurso-de-belenes\/#article\",\"isPartOf\":{\"@id\":\"https:\/\/nazarenovalencia.es\/ganadores-del-1er-premio-del-concurso-de-belenes\/\"},\"author\":{\"name\":\"admin\",\"@id\":\"https:\/\/nazarenovalencia.es\/#\/schema\/person\/2a78b7b234902a9fb08c83036e6d4f24\"},\"headline\":\"Ganadores del 1er premio del concurso de Belenes\",\"datePublished\":\"2022-12-18T21:55:53+00:00\",\"mainEntityOfPage\":{\"@id\":\"https:\/\/nazarenovalencia.es\/ganadores-del-1er-premio-del-concurso-de-belenes\/\"},\"wordCount\":197,\"publisher\":{\"@id\":\"https:\/\/nazarenovalencia.es\/#organization\"},\"image\":{\"@id\":\"https:\/\/nazarenovalencia.es\/ganadores-del-1er-premio-del-concurso-de-belenes\/#primaryimage\"},\"thumbnailUrl\":\"https:\/\/nazarenovalencia.es\/wp-content\/uploads\/2022\/12\/320855931_692334232451276_6126098505023144524_n.jpg\",\"articleSection\":[\"Not\u00edcias\"],\"inLanguage\":\"va\"},{\"@type\":\"WebPage\",\"@id\":\"https:\/\/nazarenovalencia.es\/ganadores-del-1er-premio-del-concurso-de-belenes\/\",\"url\":\"https:\/\/nazarenovalencia.es\/ganadores-del-1er-premio-del-concurso-de-belenes\/\",\"name\":\"Ganadores del 1er premio del concurso de Belenes - Real Hermandad de Nuestro Padre Jes\u00fas Nazareno \u00b7 Val\u00e8ncia\",\"isPartOf\":{\"@id\":\"https:\/\/nazarenovalencia.es\/#website\"},\"primaryImageOfPage\":{\"@id\":\"https:\/\/nazarenovalencia.es\/ganadores-del-1er-premio-del-concurso-de-belenes\/#primaryimage\"},\"image\":{\"@id\":\"https:\/\/nazarenovalencia.es\/ganadores-del-1er-premio-del-concurso-de-belenes\/#primaryimage\"},\"thumbnailUrl\":\"https:\/\/nazarenovalencia.es\/wp-content\/uploads\/2022\/12\/320855931_692334232451276_6126098505023144524_n.jpg\",\"datePublished\":\"2022-12-18T21:55:53+00:00\",\"inLanguage\":\"va\",\"potentialAction\":[{\"@type\":\"ReadAction\",\"target\":[\"https:\/\/nazarenovalencia.es\/ganadores-del-1er-premio-del-concurso-de-belenes\/\"]}]},{\"@type\":\"ImageObject\",\"inLanguage\":\"va\",\"@id\":\"https:\/\/nazarenovalencia.es\/ganadores-del-1er-premio-del-concurso-de-belenes\/#primaryimage\",\"url\":\"https:\/\/nazarenovalencia.es\/wp-content\/uploads\/2022\/12\/320855931_692334232451276_6126098505023144524_n.jpg\",\"contentUrl\":\"https:\/\/nazarenovalencia.es\/wp-content\/uploads\/2022\/12\/320855931_692334232451276_6126098505023144524_n.jpg\",\"width\":1440,\"height\":1800},{\"@type\":\"WebSite\",\"@id\":\"https:\/\/nazarenovalencia.es\/#website\",\"url\":\"https:\/\/nazarenovalencia.es\/\",\"name\":\"Real Hermandad de Nuestro Padre Jes\u00fas Nazareno \u00b7 Val\u00e8ncia\",\"description\":\"Sitio web oficial de la Real Hermandad de Nuestro Padre Jes\u00fas Nazareno. Hermandad perteneciente a la Semana Santa Marinera de Val\u00e8ncia. Parroquia Santa Mar\u00eda del Mar. Grau \u00b7 Poblats Mar\u00edtims\",\"publisher\":{\"@id\":\"https:\/\/nazarenovalencia.es\/#organization\"},\"potentialAction\":[{\"@type\":\"SearchAction\",\"target\":{\"@type\":\"EntryPoint\",\"urlTemplate\":\"https:\/\/nazarenovalencia.es\/?s={search_term_string}\"},\"query-input\":{\"@type\":\"PropertyValueSpecification\",\"valueRequired\":true,\"valueName\":\"search_term_string\"}}],\"inLanguage\":\"va\"},{\"@type\":\"Organization\",\"@id\":\"https:\/\/nazarenovalencia.es\/#organization\",\"name\":\"Real Hermandad de Nuestro Padre Jes\u00fas Nazareno\",\"url\":\"https:\/\/nazarenovalencia.es\/\",\"logo\":{\"@type\":\"ImageObject\",\"inLanguage\":\"va\",\"@id\":\"https:\/\/nazarenovalencia.es\/#\/schema\/logo\/image\/\",\"url\":\"https:\/\/nazarenovalencia.es\/wp-content\/uploads\/2022\/01\/logo-hermandad-sevilla.png\",\"contentUrl\":\"https:\/\/nazarenovalencia.es\/wp-content\/uploads\/2022\/01\/logo-hermandad-sevilla.png\",\"width\":1920,\"height\":1080,\"caption\":\"Real Hermandad de Nuestro Padre Jes\u00fas Nazareno\"},\"image\":{\"@id\":\"https:\/\/nazarenovalencia.es\/#\/schema\/logo\/image\/\"},\"sameAs\":[\"https:\/\/www.facebook.com\/valencia.hermandadnazareno\",\"https:\/\/x.com\/nazarenograo\",\"https:\/\/www.instagram.com\/nazarenovalencia\/\",\"https:\/\/www.youtube.com\/user\/nazarenovalencia\"]},{\"@type\":\"Person\",\"@id\":\"https:\/\/nazarenovalencia.es\/#\/schema\/person\/2a78b7b234902a9fb08c83036e6d4f24\",\"name\":\"admin\",\"sameAs\":[\"https:\/\/nazarenovalencia.es\"],\"url\":\"https:\/\/nazarenovalencia.es\/va\/author\/admin\/\"}]}<\/script>\n<!-- \/ Yoast SEO plugin. -->","yoast_head_json":{"title":"Ganadores del 1er premio del concurso de Belenes - Real Hermandad de Nuestro Padre Jes\u00fas Nazareno \u00b7 Val\u00e8ncia","robots":{"index":"index","follow":"follow","max-snippet":"max-snippet:-1","max-image-preview":"max-image-preview:large","max-video-preview":"max-video-preview:-1"},"canonical":"https:\/\/nazarenovalencia.es\/va\/ganadores-del-1er-premio-del-concurso-de-belenes\/","og_locale":"en_US","og_type":"article","og_title":"Ganadores del 1er premio del concurso de Belenes - Real Hermandad de Nuestro Padre Jes\u00fas Nazareno \u00b7 Val\u00e8ncia","og_description":"Este mediod\u00eda en la Parroquia de Nuestra Se\u00f1ora del Rosario, al finalizar el concierto de Navidad ofrecido por la Agrupaci\u00f3 Musical Santa Cec\u00edlia del Grau, la Junta Mayor de la Semana Santa Marinera ha dado a conocer los premios del XXXII Concurso de Belenes. Y estamos muy contentos de anunciaros que nuestra hermandad, ha GANADO [&hellip;]","og_url":"https:\/\/nazarenovalencia.es\/va\/ganadores-del-1er-premio-del-concurso-de-belenes\/","og_site_name":"Real Hermandad de Nuestro Padre Jes\u00fas Nazareno \u00b7 Val\u00e8ncia","article_publisher":"https:\/\/www.facebook.com\/valencia.hermandadnazareno","article_published_time":"2022-12-18T21:55:53+00:00","og_image":[{"width":1440,"height":1800,"url":"https:\/\/nazarenovalencia.es\/wp-content\/uploads\/2022\/12\/320855931_692334232451276_6126098505023144524_n.jpg","type":"image\/jpeg"}],"author":"admin","twitter_card":"summary_large_image","twitter_creator":"@nazarenograo","twitter_site":"@nazarenograo","twitter_misc":{"Written by":"admin","Est. reading time":"1 minute"},"schema":{"@context":"https:\/\/schema.org","@graph":[{"@type":"Article","@id":"https:\/\/nazarenovalencia.es\/ganadores-del-1er-premio-del-concurso-de-belenes\/#article","isPartOf":{"@id":"https:\/\/nazarenovalencia.es\/ganadores-del-1er-premio-del-concurso-de-belenes\/"},"author":{"name":"admin","@id":"https:\/\/nazarenovalencia.es\/#\/schema\/person\/2a78b7b234902a9fb08c83036e6d4f24"},"headline":"Ganadores del 1er premio del concurso de Belenes","datePublished":"2022-12-18T21:55:53+00:00","mainEntityOfPage":{"@id":"https:\/\/nazarenovalencia.es\/ganadores-del-1er-premio-del-concurso-de-belenes\/"},"wordCount":197,"publisher":{"@id":"https:\/\/nazarenovalencia.es\/#organization"},"image":{"@id":"https:\/\/nazarenovalencia.es\/ganadores-del-1er-premio-del-concurso-de-belenes\/#primaryimage"},"thumbnailUrl":"https:\/\/nazarenovalencia.es\/wp-content\/uploads\/2022\/12\/320855931_692334232451276_6126098505023144524_n.jpg","articleSection":["Not\u00edcias"],"inLanguage":"va"},{"@type":"WebPage","@id":"https:\/\/nazarenovalencia.es\/ganadores-del-1er-premio-del-concurso-de-belenes\/","url":"https:\/\/nazarenovalencia.es\/ganadores-del-1er-premio-del-concurso-de-belenes\/","name":"Ganadores del 1er premio del concurso de Belenes - Real Hermandad de Nuestro Padre Jes\u00fas Nazareno \u00b7 Val\u00e8ncia","isPartOf":{"@id":"https:\/\/nazarenovalencia.es\/#website"},"primaryImageOfPage":{"@id":"https:\/\/nazarenovalencia.es\/ganadores-del-1er-premio-del-concurso-de-belenes\/#primaryimage"},"image":{"@id":"https:\/\/nazarenovalencia.es\/ganadores-del-1er-premio-del-concurso-de-belenes\/#primaryimage"},"thumbnailUrl":"https:\/\/nazarenovalencia.es\/wp-content\/uploads\/2022\/12\/320855931_692334232451276_6126098505023144524_n.jpg","datePublished":"2022-12-18T21:55:53+00:00","inLanguage":"va","potentialAction":[{"@type":"ReadAction","target":["https:\/\/nazarenovalencia.es\/ganadores-del-1er-premio-del-concurso-de-belenes\/"]}]},{"@type":"ImageObject","inLanguage":"va","@id":"https:\/\/nazarenovalencia.es\/ganadores-del-1er-premio-del-concurso-de-belenes\/#primaryimage","url":"https:\/\/nazarenovalencia.es\/wp-content\/uploads\/2022\/12\/320855931_692334232451276_6126098505023144524_n.jpg","contentUrl":"https:\/\/nazarenovalencia.es\/wp-content\/uploads\/2022\/12\/320855931_692334232451276_6126098505023144524_n.jpg","width":1440,"height":1800},{"@type":"WebSite","@id":"https:\/\/nazarenovalencia.es\/#website","url":"https:\/\/nazarenovalencia.es\/","name":"Real Hermandad de Nuestro Padre Jes\u00fas Nazareno \u00b7 Val\u00e8ncia","description":"Sitio web oficial de la Real Hermandad de Nuestro Padre Jes\u00fas Nazareno. Hermandad perteneciente a la Semana Santa Marinera de Val\u00e8ncia. Parroquia Santa Mar\u00eda del Mar. Grau \u00b7 Poblats Mar\u00edtims","publisher":{"@id":"https:\/\/nazarenovalencia.es\/#organization"},"potentialAction":[{"@type":"SearchAction","target":{"@type":"EntryPoint","urlTemplate":"https:\/\/nazarenovalencia.es\/?s={search_term_string}"},"query-input":{"@type":"PropertyValueSpecification","valueRequired":true,"valueName":"search_term_string"}}],"inLanguage":"va"},{"@type":"Organization","@id":"https:\/\/nazarenovalencia.es\/#organization","name":"Real Hermandad de Nuestro Padre Jes\u00fas Nazareno","url":"https:\/\/nazarenovalencia.es\/","logo":{"@type":"ImageObject","inLanguage":"va","@id":"https:\/\/nazarenovalencia.es\/#\/schema\/logo\/image\/","url":"https:\/\/nazarenovalencia.es\/wp-content\/uploads\/2022\/01\/logo-hermandad-sevilla.png","contentUrl":"https:\/\/nazarenovalencia.es\/wp-content\/uploads\/2022\/01\/logo-hermandad-sevilla.png","width":1920,"height":1080,"caption":"Real Hermandad de Nuestro Padre Jes\u00fas Nazareno"},"image":{"@id":"https:\/\/nazarenovalencia.es\/#\/schema\/logo\/image\/"},"sameAs":["https:\/\/www.facebook.com\/valencia.hermandadnazareno","https:\/\/x.com\/nazarenograo","https:\/\/www.instagram.com\/nazarenovalencia\/","https:\/\/www.youtube.com\/user\/nazarenovalencia"]},{"@type":"Person","@id":"https:\/\/nazarenovalencia.es\/#\/schema\/person\/2a78b7b234902a9fb08c83036e6d4f24","name":"admin","sameAs":["https:\/\/nazarenovalencia.es"],"url":"https:\/\/nazarenovalencia.es\/va\/author\/admin\/"}]}},"_links":{"self":[{"href":"https:\/\/nazarenovalencia.es\/va\/wp-json\/wp\/v2\/posts\/1122","targetHints":{"allow":["GET"]}}],"collection":[{"href":"https:\/\/nazarenovalencia.es\/va\/wp-json\/wp\/v2\/posts"}],"about":[{"href":"https:\/\/nazarenovalencia.es\/va\/wp-json\/wp\/v2\/types\/post"}],"author":[{"embeddable":true,"href":"https:\/\/nazarenovalencia.es\/va\/wp-json\/wp\/v2\/users\/1"}],"replies":[{"embeddable":true,"href":"https:\/\/nazarenovalencia.es\/va\/wp-json\/wp\/v2\/comments?post=1122"}],"version-history":[{"count":0,"href":"https:\/\/nazarenovalencia.es\/va\/wp-json\/wp\/v2\/posts\/1122\/revisions"}],"wp:featuredmedia":[{"embeddable":true,"href":"https:\/\/nazarenovalencia.es\/va\/wp-json\/wp\/v2\/media\/1123"}],"wp:attachment":[{"href":"https:\/\/nazarenovalencia.es\/va\/wp-json\/wp\/v2\/media?parent=1122"}],"wp:term":[{"taxonomy":"category","embeddable":true,"href":"https:\/\/nazarenovalencia.es\/va\/wp-json\/wp\/v2\/categories?post=1122"},{"taxonomy":"post_tag","embeddable":true,"href":"https:\/\/nazarenovalencia.es\/va\/wp-json\/wp\/v2\/tags?post=1122"}],"curies":[{"name":"wp","href":"https:\/\/api.w.org\/{rel}","templated":true}]}}