{"id":1130,"date":"2023-01-23T23:55:59","date_gmt":"2023-01-23T23:55:59","guid":{"rendered":"https:\/\/nazarenovalencia.es\/?p=1130"},"modified":"2023-01-23T23:55:59","modified_gmt":"2023-01-23T23:55:59","slug":"paintball","status":"publish","type":"post","link":"https:\/\/nazarenovalencia.es\/va\/paintball\/","title":{"rendered":"Paintball"},"content":{"rendered":"<p>La Junta Major de la Setmana Santa Marinera ha organitzat per al proper dia 11 de Febrer un mat\u00ed de Paintball on gaudir entre els membres de les germandats.<\/p>\n<p>Les instal\u00b7lacions de l'activitat s\u00f3n a la localitat d'Estivella, a Val\u00e8ncia Aventura (Cam\u00ed del Pla, s.n.) i l'\u00fanic requisit per participar-hi \u00e9s tenir una edat m\u00ednima de 14 anys.<\/p>\n<p>Junta Major oferir\u00e0 un cop finalitzada l'activitat un entrep\u00e0 i aigua per esmorzar tots junts.<\/p>\n<p>El cost de l'activitat s\u00f3n 18\u20ac i inclou l'equipament i 200 boles.<\/p>\n<p>No cal estar apuntat a la germandat per participar, per la qual cosa podeu convidar els vostres amics i familiars.<\/p>\n<p>&nbsp;<\/p>\n<p>El transport ser\u00e0 en vehicle propi i la germandat de moment posar\u00e0 1 vehicle segur per al transport.<\/p>\n<p>&nbsp;<\/p>\n<p>Podeu apuntar-vos al seg\u00fcent formulari fins al 3 de Febrer a les 12:00<\/p>\n<p>&nbsp;<\/p>\n<p><iframe loading=\"lazy\" src=\"https:\/\/docs.google.com\/forms\/d\/e\/1FAIpQLSfrj9qgn4d2OeShOOWkn4pxEF1ARSV6gIwSF9pMzGuL-k9g0g\/viewform?embedded=true\" width=\"640\" height=\"754\" frameborder=\"0\" marginheight=\"0\" marginwidth=\"0\">Cargando\u2026<\/iframe><\/p>","protected":false},"excerpt":{"rendered":"<p>La Junta Mayor de la Semana Santa Marinera ha organizado para el pr\u00f3ximo dia 11 de Febrero una ma\u00f1ana de Paintball en la que disfrutar entre los miembros de las hermandades. Las instalaciones de la actividad es en la localidad de Estivella, en Val\u00e8ncia Aventura (Cam\u00ed del Pla, s.n.) y el \u00fanico requisito para participar [&hellip;]<\/p>\n","protected":false},"author":1,"featured_media":1131,"comment_status":"closed","ping_status":"closed","sticky":false,"template":"","format":"standard","meta":{"footnotes":""},"categories":[12],"tags":[],"class_list":{"0":"post-1130","1":"post","2":"type-post","3":"status-publish","4":"format-standard","5":"has-post-thumbnail","6":"hentry","7":"category-general","9":"post-with-thumbnail","10":"post-with-thumbnail-large"},"yoast_head":"<!-- This site is optimized with the Yoast SEO plugin v27.2 - https:\/\/yoast.com\/product\/yoast-seo-wordpress\/ -->\n<title>Paintball - Real Hermandad de Nuestro Padre Jes\u00fas Nazareno \u00b7 Val\u00e8ncia<\/title>\n<meta name=\"robots\" content=\"index, follow, max-snippet:-1, max-image-preview:large, max-video-preview:-1\" \/>\n<link rel=\"canonical\" href=\"https:\/\/nazarenovalencia.es\/va\/paintball\/\" \/>\n<meta property=\"og:locale\" content=\"en_US\" \/>\n<meta property=\"og:type\" content=\"article\" \/>\n<meta property=\"og:title\" content=\"Paintball - Real Hermandad de Nuestro Padre Jes\u00fas Nazareno \u00b7 Val\u00e8ncia\" \/>\n<meta property=\"og:description\" content=\"La Junta Mayor de la Semana Santa Marinera ha organizado para el pr\u00f3ximo dia 11 de Febrero una ma\u00f1ana de Paintball en la que disfrutar entre los miembros de las hermandades. Las instalaciones de la actividad es en la localidad de Estivella, en Val\u00e8ncia Aventura (Cam\u00ed del Pla, s.n.) y el \u00fanico requisito para participar [&hellip;]\" \/>\n<meta property=\"og:url\" content=\"https:\/\/nazarenovalencia.es\/va\/paintball\/\" \/>\n<meta property=\"og:site_name\" content=\"Real Hermandad de Nuestro Padre Jes\u00fas Nazareno \u00b7 Val\u00e8ncia\" \/>\n<meta property=\"article:publisher\" content=\"https:\/\/www.facebook.com\/valencia.hermandadnazareno\" \/>\n<meta property=\"article:published_time\" content=\"2023-01-23T23:55:59+00:00\" \/>\n<meta property=\"og:image\" content=\"https:\/\/nazarenovalencia.es\/wp-content\/uploads\/2023\/01\/unnamed.png\" \/>\n\t<meta property=\"og:image:width\" content=\"908\" \/>\n\t<meta property=\"og:image:height\" content=\"1280\" \/>\n\t<meta property=\"og:image:type\" content=\"image\/png\" \/>\n<meta name=\"author\" content=\"admin\" \/>\n<meta name=\"twitter:card\" content=\"summary_large_image\" \/>\n<meta name=\"twitter:creator\" content=\"@nazarenograo\" \/>\n<meta name=\"twitter:site\" content=\"@nazarenograo\" \/>\n<meta name=\"twitter:label1\" content=\"Written by\" \/>\n\t<meta name=\"twitter:data1\" content=\"admin\" \/>\n\t<meta name=\"twitter:label2\" content=\"Est. reading time\" \/>\n\t<meta name=\"twitter:data2\" content=\"1 minute\" \/>\n<script type=\"application\/ld+json\" class=\"yoast-schema-graph\">{\"@context\":\"https:\/\/schema.org\",\"@graph\":[{\"@type\":\"Article\",\"@id\":\"https:\/\/nazarenovalencia.es\/paintball\/#article\",\"isPartOf\":{\"@id\":\"https:\/\/nazarenovalencia.es\/paintball\/\"},\"author\":{\"name\":\"admin\",\"@id\":\"https:\/\/nazarenovalencia.es\/#\/schema\/person\/2a78b7b234902a9fb08c83036e6d4f24\"},\"headline\":\"Paintball\",\"datePublished\":\"2023-01-23T23:55:59+00:00\",\"mainEntityOfPage\":{\"@id\":\"https:\/\/nazarenovalencia.es\/paintball\/\"},\"wordCount\":152,\"publisher\":{\"@id\":\"https:\/\/nazarenovalencia.es\/#organization\"},\"image\":{\"@id\":\"https:\/\/nazarenovalencia.es\/paintball\/#primaryimage\"},\"thumbnailUrl\":\"https:\/\/nazarenovalencia.es\/wp-content\/uploads\/2023\/01\/unnamed.png\",\"articleSection\":[\"General\"],\"inLanguage\":\"va\"},{\"@type\":\"WebPage\",\"@id\":\"https:\/\/nazarenovalencia.es\/paintball\/\",\"url\":\"https:\/\/nazarenovalencia.es\/paintball\/\",\"name\":\"Paintball - Real Hermandad de Nuestro Padre Jes\u00fas Nazareno \u00b7 Val\u00e8ncia\",\"isPartOf\":{\"@id\":\"https:\/\/nazarenovalencia.es\/#website\"},\"primaryImageOfPage\":{\"@id\":\"https:\/\/nazarenovalencia.es\/paintball\/#primaryimage\"},\"image\":{\"@id\":\"https:\/\/nazarenovalencia.es\/paintball\/#primaryimage\"},\"thumbnailUrl\":\"https:\/\/nazarenovalencia.es\/wp-content\/uploads\/2023\/01\/unnamed.png\",\"datePublished\":\"2023-01-23T23:55:59+00:00\",\"inLanguage\":\"va\",\"potentialAction\":[{\"@type\":\"ReadAction\",\"target\":[\"https:\/\/nazarenovalencia.es\/paintball\/\"]}]},{\"@type\":\"ImageObject\",\"inLanguage\":\"va\",\"@id\":\"https:\/\/nazarenovalencia.es\/paintball\/#primaryimage\",\"url\":\"https:\/\/nazarenovalencia.es\/wp-content\/uploads\/2023\/01\/unnamed.png\",\"contentUrl\":\"https:\/\/nazarenovalencia.es\/wp-content\/uploads\/2023\/01\/unnamed.png\",\"width\":908,\"height\":1280},{\"@type\":\"WebSite\",\"@id\":\"https:\/\/nazarenovalencia.es\/#website\",\"url\":\"https:\/\/nazarenovalencia.es\/\",\"name\":\"Real Hermandad de Nuestro Padre Jes\u00fas Nazareno \u00b7 Val\u00e8ncia\",\"description\":\"Sitio web oficial de la Real Hermandad de Nuestro Padre Jes\u00fas Nazareno. Hermandad perteneciente a la Semana Santa Marinera de Val\u00e8ncia. Parroquia Santa Mar\u00eda del Mar. Grau \u00b7 Poblats Mar\u00edtims\",\"publisher\":{\"@id\":\"https:\/\/nazarenovalencia.es\/#organization\"},\"potentialAction\":[{\"@type\":\"SearchAction\",\"target\":{\"@type\":\"EntryPoint\",\"urlTemplate\":\"https:\/\/nazarenovalencia.es\/?s={search_term_string}\"},\"query-input\":{\"@type\":\"PropertyValueSpecification\",\"valueRequired\":true,\"valueName\":\"search_term_string\"}}],\"inLanguage\":\"va\"},{\"@type\":\"Organization\",\"@id\":\"https:\/\/nazarenovalencia.es\/#organization\",\"name\":\"Real Hermandad de Nuestro Padre Jes\u00fas Nazareno\",\"url\":\"https:\/\/nazarenovalencia.es\/\",\"logo\":{\"@type\":\"ImageObject\",\"inLanguage\":\"va\",\"@id\":\"https:\/\/nazarenovalencia.es\/#\/schema\/logo\/image\/\",\"url\":\"https:\/\/nazarenovalencia.es\/wp-content\/uploads\/2022\/01\/logo-hermandad-sevilla.png\",\"contentUrl\":\"https:\/\/nazarenovalencia.es\/wp-content\/uploads\/2022\/01\/logo-hermandad-sevilla.png\",\"width\":1920,\"height\":1080,\"caption\":\"Real Hermandad de Nuestro Padre Jes\u00fas Nazareno\"},\"image\":{\"@id\":\"https:\/\/nazarenovalencia.es\/#\/schema\/logo\/image\/\"},\"sameAs\":[\"https:\/\/www.facebook.com\/valencia.hermandadnazareno\",\"https:\/\/x.com\/nazarenograo\",\"https:\/\/www.instagram.com\/nazarenovalencia\/\",\"https:\/\/www.youtube.com\/user\/nazarenovalencia\"]},{\"@type\":\"Person\",\"@id\":\"https:\/\/nazarenovalencia.es\/#\/schema\/person\/2a78b7b234902a9fb08c83036e6d4f24\",\"name\":\"admin\",\"sameAs\":[\"https:\/\/nazarenovalencia.es\"],\"url\":\"https:\/\/nazarenovalencia.es\/va\/author\/admin\/\"}]}<\/script>\n<!-- \/ Yoast SEO plugin. -->","yoast_head_json":{"title":"Paintball - Real Hermandad de Nuestro Padre Jes\u00fas Nazareno \u00b7 Val\u00e8ncia","robots":{"index":"index","follow":"follow","max-snippet":"max-snippet:-1","max-image-preview":"max-image-preview:large","max-video-preview":"max-video-preview:-1"},"canonical":"https:\/\/nazarenovalencia.es\/va\/paintball\/","og_locale":"en_US","og_type":"article","og_title":"Paintball - Real Hermandad de Nuestro Padre Jes\u00fas Nazareno \u00b7 Val\u00e8ncia","og_description":"La Junta Mayor de la Semana Santa Marinera ha organizado para el pr\u00f3ximo dia 11 de Febrero una ma\u00f1ana de Paintball en la que disfrutar entre los miembros de las hermandades. Las instalaciones de la actividad es en la localidad de Estivella, en Val\u00e8ncia Aventura (Cam\u00ed del Pla, s.n.) y el \u00fanico requisito para participar [&hellip;]","og_url":"https:\/\/nazarenovalencia.es\/va\/paintball\/","og_site_name":"Real Hermandad de Nuestro Padre Jes\u00fas Nazareno \u00b7 Val\u00e8ncia","article_publisher":"https:\/\/www.facebook.com\/valencia.hermandadnazareno","article_published_time":"2023-01-23T23:55:59+00:00","og_image":[{"width":908,"height":1280,"url":"https:\/\/nazarenovalencia.es\/wp-content\/uploads\/2023\/01\/unnamed.png","type":"image\/png"}],"author":"admin","twitter_card":"summary_large_image","twitter_creator":"@nazarenograo","twitter_site":"@nazarenograo","twitter_misc":{"Written by":"admin","Est. reading time":"1 minute"},"schema":{"@context":"https:\/\/schema.org","@graph":[{"@type":"Article","@id":"https:\/\/nazarenovalencia.es\/paintball\/#article","isPartOf":{"@id":"https:\/\/nazarenovalencia.es\/paintball\/"},"author":{"name":"admin","@id":"https:\/\/nazarenovalencia.es\/#\/schema\/person\/2a78b7b234902a9fb08c83036e6d4f24"},"headline":"Paintball","datePublished":"2023-01-23T23:55:59+00:00","mainEntityOfPage":{"@id":"https:\/\/nazarenovalencia.es\/paintball\/"},"wordCount":152,"publisher":{"@id":"https:\/\/nazarenovalencia.es\/#organization"},"image":{"@id":"https:\/\/nazarenovalencia.es\/paintball\/#primaryimage"},"thumbnailUrl":"https:\/\/nazarenovalencia.es\/wp-content\/uploads\/2023\/01\/unnamed.png","articleSection":["General"],"inLanguage":"va"},{"@type":"WebPage","@id":"https:\/\/nazarenovalencia.es\/paintball\/","url":"https:\/\/nazarenovalencia.es\/paintball\/","name":"Paintball - Real Hermandad de Nuestro Padre Jes\u00fas Nazareno \u00b7 Val\u00e8ncia","isPartOf":{"@id":"https:\/\/nazarenovalencia.es\/#website"},"primaryImageOfPage":{"@id":"https:\/\/nazarenovalencia.es\/paintball\/#primaryimage"},"image":{"@id":"https:\/\/nazarenovalencia.es\/paintball\/#primaryimage"},"thumbnailUrl":"https:\/\/nazarenovalencia.es\/wp-content\/uploads\/2023\/01\/unnamed.png","datePublished":"2023-01-23T23:55:59+00:00","inLanguage":"va","potentialAction":[{"@type":"ReadAction","target":["https:\/\/nazarenovalencia.es\/paintball\/"]}]},{"@type":"ImageObject","inLanguage":"va","@id":"https:\/\/nazarenovalencia.es\/paintball\/#primaryimage","url":"https:\/\/nazarenovalencia.es\/wp-content\/uploads\/2023\/01\/unnamed.png","contentUrl":"https:\/\/nazarenovalencia.es\/wp-content\/uploads\/2023\/01\/unnamed.png","width":908,"height":1280},{"@type":"WebSite","@id":"https:\/\/nazarenovalencia.es\/#website","url":"https:\/\/nazarenovalencia.es\/","name":"Real Hermandad de Nuestro Padre Jes\u00fas Nazareno \u00b7 Val\u00e8ncia","description":"Sitio web oficial de la Real Hermandad de Nuestro Padre Jes\u00fas Nazareno. Hermandad perteneciente a la Semana Santa Marinera de Val\u00e8ncia. Parroquia Santa Mar\u00eda del Mar. Grau \u00b7 Poblats Mar\u00edtims","publisher":{"@id":"https:\/\/nazarenovalencia.es\/#organization"},"potentialAction":[{"@type":"SearchAction","target":{"@type":"EntryPoint","urlTemplate":"https:\/\/nazarenovalencia.es\/?s={search_term_string}"},"query-input":{"@type":"PropertyValueSpecification","valueRequired":true,"valueName":"search_term_string"}}],"inLanguage":"va"},{"@type":"Organization","@id":"https:\/\/nazarenovalencia.es\/#organization","name":"Real Hermandad de Nuestro Padre Jes\u00fas Nazareno","url":"https:\/\/nazarenovalencia.es\/","logo":{"@type":"ImageObject","inLanguage":"va","@id":"https:\/\/nazarenovalencia.es\/#\/schema\/logo\/image\/","url":"https:\/\/nazarenovalencia.es\/wp-content\/uploads\/2022\/01\/logo-hermandad-sevilla.png","contentUrl":"https:\/\/nazarenovalencia.es\/wp-content\/uploads\/2022\/01\/logo-hermandad-sevilla.png","width":1920,"height":1080,"caption":"Real Hermandad de Nuestro Padre Jes\u00fas Nazareno"},"image":{"@id":"https:\/\/nazarenovalencia.es\/#\/schema\/logo\/image\/"},"sameAs":["https:\/\/www.facebook.com\/valencia.hermandadnazareno","https:\/\/x.com\/nazarenograo","https:\/\/www.instagram.com\/nazarenovalencia\/","https:\/\/www.youtube.com\/user\/nazarenovalencia"]},{"@type":"Person","@id":"https:\/\/nazarenovalencia.es\/#\/schema\/person\/2a78b7b234902a9fb08c83036e6d4f24","name":"admin","sameAs":["https:\/\/nazarenovalencia.es"],"url":"https:\/\/nazarenovalencia.es\/va\/author\/admin\/"}]}},"_links":{"self":[{"href":"https:\/\/nazarenovalencia.es\/va\/wp-json\/wp\/v2\/posts\/1130","targetHints":{"allow":["GET"]}}],"collection":[{"href":"https:\/\/nazarenovalencia.es\/va\/wp-json\/wp\/v2\/posts"}],"about":[{"href":"https:\/\/nazarenovalencia.es\/va\/wp-json\/wp\/v2\/types\/post"}],"author":[{"embeddable":true,"href":"https:\/\/nazarenovalencia.es\/va\/wp-json\/wp\/v2\/users\/1"}],"replies":[{"embeddable":true,"href":"https:\/\/nazarenovalencia.es\/va\/wp-json\/wp\/v2\/comments?post=1130"}],"version-history":[{"count":0,"href":"https:\/\/nazarenovalencia.es\/va\/wp-json\/wp\/v2\/posts\/1130\/revisions"}],"wp:featuredmedia":[{"embeddable":true,"href":"https:\/\/nazarenovalencia.es\/va\/wp-json\/wp\/v2\/media\/1131"}],"wp:attachment":[{"href":"https:\/\/nazarenovalencia.es\/va\/wp-json\/wp\/v2\/media?parent=1130"}],"wp:term":[{"taxonomy":"category","embeddable":true,"href":"https:\/\/nazarenovalencia.es\/va\/wp-json\/wp\/v2\/categories?post=1130"},{"taxonomy":"post_tag","embeddable":true,"href":"https:\/\/nazarenovalencia.es\/va\/wp-json\/wp\/v2\/tags?post=1130"}],"curies":[{"name":"wp","href":"https:\/\/api.w.org\/{rel}","templated":true}]}}