{"id":1133,"date":"2023-01-25T10:39:59","date_gmt":"2023-01-25T10:39:59","guid":{"rendered":"https:\/\/nazarenovalencia.es\/?p=1133"},"modified":"2023-01-25T11:03:25","modified_gmt":"2023-01-25T11:03:25","slug":"gala-y-cena-entrega-de-premios-y-medallas-jm","status":"publish","type":"post","link":"https:\/\/nazarenovalencia.es\/va\/gala-y-cena-entrega-de-premios-y-medallas-jm\/","title":{"rendered":"Gala i Sopar de lliurament de premis i medalles JM"},"content":{"rendered":"<p>El dissabte 25 de Febrer a les 19:00 la Junta Major de la Setmana Santa Marinera celebrar\u00e0 al restaurant la Ferradura la gala de lliurament de premis en qu\u00e8 es lliuraran els premis de la Setmana Santa Marinera a diverses associacions que col\u00b7laboren a la societat. A m\u00e9s, a la mateixa gala tamb\u00e9 es lliurar\u00e0 la medalla de plata als premiats\/des dels diferents col\u00b7lectius que formem la Junta Major.<\/p>\n<p>En finalitzar la gala se celebrar\u00e0 un sopar de gala el cost del qual \u00e9s de 37\u20ac per persona (20\u20ac el men\u00fa infantil) i acudir al sopar \u00e9s requisit indispensable per anar a la gala. Una volta finalitzat el sopar, al mateix restaurant hi haur\u00e0 m\u00fasica per ballar i es posar\u00e0 una barra per a qui vulgui prendre copes.<\/p>\n<p>El restaurant La Ferradura est\u00e0 a <em>Av. Mare Nostrum, 42, la Patacona,\u00a0<\/em>al mateix passeig mar\u00edtim. El men\u00fa per al sopar \u00e9s:<\/p>\n<p style=\"text-align: center;\"><span style=\"font-family: montecatini-ultra;\">ENTRANTS CENTRE<\/span><\/p>\n<p style=\"text-align: center;\">Combinat d'ib\u00e8rics i formatges<\/p>\n<p style=\"text-align: center;\">Ensaladilla a nuestro estilo con variantes<\/p>\n<p style=\"text-align: center;\">Polp a la Gallega amb patates<\/p>\n<p style=\"text-align: center;\">\n<p style=\"text-align: center;\"><span style=\"font-family: montecatini-ultra;\">PRINCIPAL A TRIAR<\/span><\/p>\n<p style=\"text-align: center;\">Llom de bacall\u00e0 al pil pil<\/p>\n<p style=\"text-align: center;\">o<\/p>\n<p style=\"text-align: center;\">Carrillada de vedella trufada amb salsa cabernet-sauvignon<\/p>\n<p style=\"text-align: center;\">\n<p style=\"text-align: center;\"><span style=\"font-family: montecatini-ultra;\">POSTRE<\/span><\/p>\n<p style=\"text-align: center;\">Milfulls de crema i nata amb salsa de xocolate<\/p>\n<p style=\"text-align: center;\">\n<p style=\"text-align: center;\"><span style=\"font-family: montecatini-ultra;\">MEN\u00da INFANTIL<\/span><\/p>\n<p style=\"text-align: center;\">Combinat individual de croquetes, gambes arrebossades i calamars.<\/p>\n<p style=\"text-align: center;\">Hamburguesa amb patates fregides.<\/p>\n<p style=\"text-align: center;\">Gelat<\/p>\n<p>&nbsp;<\/p>\n<p>&nbsp;<\/p>\n<p>Qui vulgui assistir-hi pot apuntar-se al seg\u00fcent formulari. La data l\u00edmit d'inscripci\u00f3 \u00e9s el 15 de febrer<\/p>\n<p><iframe loading=\"lazy\" src=\"https:\/\/docs.google.com\/forms\/d\/e\/1FAIpQLSelcedRtmOwKStjdliElF_CkBX6Ewa4qVaxvLvm4nZ1XqS8cA\/viewform?embedded=true\" width=\"800\" height=\"800\" frameborder=\"0\" marginheight=\"0\" marginwidth=\"0\">Cargando\u2026<\/iframe><\/p>","protected":false},"excerpt":{"rendered":"<p>El pr\u00f3ximo s\u00e1bado 25 de Febrero a las 19:00 la Junta Mayor de la Semana Santa Marinera celebrar\u00e1 en el restaurante la Ferradura la gala de entrega de premios en la que se entregaran los premios de la Semana Santa Marinera a diversas asociaciones que colaboran en la sociedad. Adem\u00e1s, en la misma gala tambien [&hellip;]<\/p>\n","protected":false},"author":1,"featured_media":548,"comment_status":"closed","ping_status":"closed","sticky":false,"template":"","format":"standard","meta":{"footnotes":""},"categories":[12],"tags":[],"class_list":{"0":"post-1133","1":"post","2":"type-post","3":"status-publish","4":"format-standard","5":"has-post-thumbnail","6":"hentry","7":"category-general","9":"post-with-thumbnail","10":"post-with-thumbnail-large"},"yoast_head":"<!-- This site is optimized with the Yoast SEO plugin v27.2 - https:\/\/yoast.com\/product\/yoast-seo-wordpress\/ -->\n<title>Gala y Cena entrega de premios y medallas JM - Real Hermandad de Nuestro Padre Jes\u00fas Nazareno \u00b7 Val\u00e8ncia<\/title>\n<meta name=\"robots\" content=\"index, follow, max-snippet:-1, max-image-preview:large, max-video-preview:-1\" \/>\n<link rel=\"canonical\" href=\"https:\/\/nazarenovalencia.es\/va\/gala-y-cena-entrega-de-premios-y-medallas-jm\/\" \/>\n<meta property=\"og:locale\" content=\"en_US\" \/>\n<meta property=\"og:type\" content=\"article\" \/>\n<meta property=\"og:title\" content=\"Gala y Cena entrega de premios y medallas JM - Real Hermandad de Nuestro Padre Jes\u00fas Nazareno \u00b7 Val\u00e8ncia\" \/>\n<meta property=\"og:description\" content=\"El pr\u00f3ximo s\u00e1bado 25 de Febrero a las 19:00 la Junta Mayor de la Semana Santa Marinera celebrar\u00e1 en el restaurante la Ferradura la gala de entrega de premios en la que se entregaran los premios de la Semana Santa Marinera a diversas asociaciones que colaboran en la sociedad. Adem\u00e1s, en la misma gala tambien [&hellip;]\" \/>\n<meta property=\"og:url\" content=\"https:\/\/nazarenovalencia.es\/va\/gala-y-cena-entrega-de-premios-y-medallas-jm\/\" \/>\n<meta property=\"og:site_name\" content=\"Real Hermandad de Nuestro Padre Jes\u00fas Nazareno \u00b7 Val\u00e8ncia\" \/>\n<meta property=\"article:publisher\" content=\"https:\/\/www.facebook.com\/valencia.hermandadnazareno\" \/>\n<meta property=\"article:published_time\" content=\"2023-01-25T10:39:59+00:00\" \/>\n<meta property=\"article:modified_time\" content=\"2023-01-25T11:03:25+00:00\" \/>\n<meta property=\"og:image\" content=\"https:\/\/nazarenovalencia.es\/wp-content\/uploads\/2022\/01\/1625431279828795-0.jpg\" \/>\n\t<meta property=\"og:image:width\" content=\"1201\" \/>\n\t<meta property=\"og:image:height\" content=\"1600\" \/>\n\t<meta property=\"og:image:type\" content=\"image\/jpeg\" \/>\n<meta name=\"author\" content=\"admin\" \/>\n<meta name=\"twitter:card\" content=\"summary_large_image\" \/>\n<meta name=\"twitter:creator\" content=\"@nazarenograo\" \/>\n<meta name=\"twitter:site\" content=\"@nazarenograo\" \/>\n<meta name=\"twitter:label1\" content=\"Written by\" \/>\n\t<meta name=\"twitter:data1\" content=\"admin\" \/>\n\t<meta name=\"twitter:label2\" content=\"Est. reading time\" \/>\n\t<meta name=\"twitter:data2\" content=\"2 minutes\" \/>\n<script type=\"application\/ld+json\" class=\"yoast-schema-graph\">{\"@context\":\"https:\/\/schema.org\",\"@graph\":[{\"@type\":\"Article\",\"@id\":\"https:\/\/nazarenovalencia.es\/gala-y-cena-entrega-de-premios-y-medallas-jm\/#article\",\"isPartOf\":{\"@id\":\"https:\/\/nazarenovalencia.es\/gala-y-cena-entrega-de-premios-y-medallas-jm\/\"},\"author\":{\"name\":\"admin\",\"@id\":\"https:\/\/nazarenovalencia.es\/#\/schema\/person\/2a78b7b234902a9fb08c83036e6d4f24\"},\"headline\":\"Gala y Cena entrega de premios y medallas JM\",\"datePublished\":\"2023-01-25T10:39:59+00:00\",\"dateModified\":\"2023-01-25T11:03:25+00:00\",\"mainEntityOfPage\":{\"@id\":\"https:\/\/nazarenovalencia.es\/gala-y-cena-entrega-de-premios-y-medallas-jm\/\"},\"wordCount\":249,\"publisher\":{\"@id\":\"https:\/\/nazarenovalencia.es\/#organization\"},\"image\":{\"@id\":\"https:\/\/nazarenovalencia.es\/gala-y-cena-entrega-de-premios-y-medallas-jm\/#primaryimage\"},\"thumbnailUrl\":\"https:\/\/nazarenovalencia.es\/wp-content\/uploads\/2022\/01\/1625431279828795-0.jpg\",\"articleSection\":[\"General\"],\"inLanguage\":\"va\"},{\"@type\":\"WebPage\",\"@id\":\"https:\/\/nazarenovalencia.es\/gala-y-cena-entrega-de-premios-y-medallas-jm\/\",\"url\":\"https:\/\/nazarenovalencia.es\/gala-y-cena-entrega-de-premios-y-medallas-jm\/\",\"name\":\"Gala y Cena entrega de premios y medallas JM - Real Hermandad de Nuestro Padre Jes\u00fas Nazareno \u00b7 Val\u00e8ncia\",\"isPartOf\":{\"@id\":\"https:\/\/nazarenovalencia.es\/#website\"},\"primaryImageOfPage\":{\"@id\":\"https:\/\/nazarenovalencia.es\/gala-y-cena-entrega-de-premios-y-medallas-jm\/#primaryimage\"},\"image\":{\"@id\":\"https:\/\/nazarenovalencia.es\/gala-y-cena-entrega-de-premios-y-medallas-jm\/#primaryimage\"},\"thumbnailUrl\":\"https:\/\/nazarenovalencia.es\/wp-content\/uploads\/2022\/01\/1625431279828795-0.jpg\",\"datePublished\":\"2023-01-25T10:39:59+00:00\",\"dateModified\":\"2023-01-25T11:03:25+00:00\",\"inLanguage\":\"va\",\"potentialAction\":[{\"@type\":\"ReadAction\",\"target\":[\"https:\/\/nazarenovalencia.es\/gala-y-cena-entrega-de-premios-y-medallas-jm\/\"]}]},{\"@type\":\"ImageObject\",\"inLanguage\":\"va\",\"@id\":\"https:\/\/nazarenovalencia.es\/gala-y-cena-entrega-de-premios-y-medallas-jm\/#primaryimage\",\"url\":\"https:\/\/nazarenovalencia.es\/wp-content\/uploads\/2022\/01\/1625431279828795-0.jpg\",\"contentUrl\":\"https:\/\/nazarenovalencia.es\/wp-content\/uploads\/2022\/01\/1625431279828795-0.jpg\",\"width\":1201,\"height\":1600},{\"@type\":\"WebSite\",\"@id\":\"https:\/\/nazarenovalencia.es\/#website\",\"url\":\"https:\/\/nazarenovalencia.es\/\",\"name\":\"Real Hermandad de Nuestro Padre Jes\u00fas Nazareno \u00b7 Val\u00e8ncia\",\"description\":\"Sitio web oficial de la Real Hermandad de Nuestro Padre Jes\u00fas Nazareno. Hermandad perteneciente a la Semana Santa Marinera de Val\u00e8ncia. Parroquia Santa Mar\u00eda del Mar. Grau \u00b7 Poblats Mar\u00edtims\",\"publisher\":{\"@id\":\"https:\/\/nazarenovalencia.es\/#organization\"},\"potentialAction\":[{\"@type\":\"SearchAction\",\"target\":{\"@type\":\"EntryPoint\",\"urlTemplate\":\"https:\/\/nazarenovalencia.es\/?s={search_term_string}\"},\"query-input\":{\"@type\":\"PropertyValueSpecification\",\"valueRequired\":true,\"valueName\":\"search_term_string\"}}],\"inLanguage\":\"va\"},{\"@type\":\"Organization\",\"@id\":\"https:\/\/nazarenovalencia.es\/#organization\",\"name\":\"Real Hermandad de Nuestro Padre Jes\u00fas Nazareno\",\"url\":\"https:\/\/nazarenovalencia.es\/\",\"logo\":{\"@type\":\"ImageObject\",\"inLanguage\":\"va\",\"@id\":\"https:\/\/nazarenovalencia.es\/#\/schema\/logo\/image\/\",\"url\":\"https:\/\/nazarenovalencia.es\/wp-content\/uploads\/2022\/01\/logo-hermandad-sevilla.png\",\"contentUrl\":\"https:\/\/nazarenovalencia.es\/wp-content\/uploads\/2022\/01\/logo-hermandad-sevilla.png\",\"width\":1920,\"height\":1080,\"caption\":\"Real Hermandad de Nuestro Padre Jes\u00fas Nazareno\"},\"image\":{\"@id\":\"https:\/\/nazarenovalencia.es\/#\/schema\/logo\/image\/\"},\"sameAs\":[\"https:\/\/www.facebook.com\/valencia.hermandadnazareno\",\"https:\/\/x.com\/nazarenograo\",\"https:\/\/www.instagram.com\/nazarenovalencia\/\",\"https:\/\/www.youtube.com\/user\/nazarenovalencia\"]},{\"@type\":\"Person\",\"@id\":\"https:\/\/nazarenovalencia.es\/#\/schema\/person\/2a78b7b234902a9fb08c83036e6d4f24\",\"name\":\"admin\",\"sameAs\":[\"https:\/\/nazarenovalencia.es\"],\"url\":\"https:\/\/nazarenovalencia.es\/va\/author\/admin\/\"}]}<\/script>\n<!-- \/ Yoast SEO plugin. -->","yoast_head_json":{"title":"Gala y Cena entrega de premios y medallas JM - Real Hermandad de Nuestro Padre Jes\u00fas Nazareno \u00b7 Val\u00e8ncia","robots":{"index":"index","follow":"follow","max-snippet":"max-snippet:-1","max-image-preview":"max-image-preview:large","max-video-preview":"max-video-preview:-1"},"canonical":"https:\/\/nazarenovalencia.es\/va\/gala-y-cena-entrega-de-premios-y-medallas-jm\/","og_locale":"en_US","og_type":"article","og_title":"Gala y Cena entrega de premios y medallas JM - Real Hermandad de Nuestro Padre Jes\u00fas Nazareno \u00b7 Val\u00e8ncia","og_description":"El pr\u00f3ximo s\u00e1bado 25 de Febrero a las 19:00 la Junta Mayor de la Semana Santa Marinera celebrar\u00e1 en el restaurante la Ferradura la gala de entrega de premios en la que se entregaran los premios de la Semana Santa Marinera a diversas asociaciones que colaboran en la sociedad. Adem\u00e1s, en la misma gala tambien [&hellip;]","og_url":"https:\/\/nazarenovalencia.es\/va\/gala-y-cena-entrega-de-premios-y-medallas-jm\/","og_site_name":"Real Hermandad de Nuestro Padre Jes\u00fas Nazareno \u00b7 Val\u00e8ncia","article_publisher":"https:\/\/www.facebook.com\/valencia.hermandadnazareno","article_published_time":"2023-01-25T10:39:59+00:00","article_modified_time":"2023-01-25T11:03:25+00:00","og_image":[{"width":1201,"height":1600,"url":"https:\/\/nazarenovalencia.es\/wp-content\/uploads\/2022\/01\/1625431279828795-0.jpg","type":"image\/jpeg"}],"author":"admin","twitter_card":"summary_large_image","twitter_creator":"@nazarenograo","twitter_site":"@nazarenograo","twitter_misc":{"Written by":"admin","Est. reading time":"2 minutes"},"schema":{"@context":"https:\/\/schema.org","@graph":[{"@type":"Article","@id":"https:\/\/nazarenovalencia.es\/gala-y-cena-entrega-de-premios-y-medallas-jm\/#article","isPartOf":{"@id":"https:\/\/nazarenovalencia.es\/gala-y-cena-entrega-de-premios-y-medallas-jm\/"},"author":{"name":"admin","@id":"https:\/\/nazarenovalencia.es\/#\/schema\/person\/2a78b7b234902a9fb08c83036e6d4f24"},"headline":"Gala y Cena entrega de premios y medallas JM","datePublished":"2023-01-25T10:39:59+00:00","dateModified":"2023-01-25T11:03:25+00:00","mainEntityOfPage":{"@id":"https:\/\/nazarenovalencia.es\/gala-y-cena-entrega-de-premios-y-medallas-jm\/"},"wordCount":249,"publisher":{"@id":"https:\/\/nazarenovalencia.es\/#organization"},"image":{"@id":"https:\/\/nazarenovalencia.es\/gala-y-cena-entrega-de-premios-y-medallas-jm\/#primaryimage"},"thumbnailUrl":"https:\/\/nazarenovalencia.es\/wp-content\/uploads\/2022\/01\/1625431279828795-0.jpg","articleSection":["General"],"inLanguage":"va"},{"@type":"WebPage","@id":"https:\/\/nazarenovalencia.es\/gala-y-cena-entrega-de-premios-y-medallas-jm\/","url":"https:\/\/nazarenovalencia.es\/gala-y-cena-entrega-de-premios-y-medallas-jm\/","name":"Gala y Cena entrega de premios y medallas JM - Real Hermandad de Nuestro Padre Jes\u00fas Nazareno \u00b7 Val\u00e8ncia","isPartOf":{"@id":"https:\/\/nazarenovalencia.es\/#website"},"primaryImageOfPage":{"@id":"https:\/\/nazarenovalencia.es\/gala-y-cena-entrega-de-premios-y-medallas-jm\/#primaryimage"},"image":{"@id":"https:\/\/nazarenovalencia.es\/gala-y-cena-entrega-de-premios-y-medallas-jm\/#primaryimage"},"thumbnailUrl":"https:\/\/nazarenovalencia.es\/wp-content\/uploads\/2022\/01\/1625431279828795-0.jpg","datePublished":"2023-01-25T10:39:59+00:00","dateModified":"2023-01-25T11:03:25+00:00","inLanguage":"va","potentialAction":[{"@type":"ReadAction","target":["https:\/\/nazarenovalencia.es\/gala-y-cena-entrega-de-premios-y-medallas-jm\/"]}]},{"@type":"ImageObject","inLanguage":"va","@id":"https:\/\/nazarenovalencia.es\/gala-y-cena-entrega-de-premios-y-medallas-jm\/#primaryimage","url":"https:\/\/nazarenovalencia.es\/wp-content\/uploads\/2022\/01\/1625431279828795-0.jpg","contentUrl":"https:\/\/nazarenovalencia.es\/wp-content\/uploads\/2022\/01\/1625431279828795-0.jpg","width":1201,"height":1600},{"@type":"WebSite","@id":"https:\/\/nazarenovalencia.es\/#website","url":"https:\/\/nazarenovalencia.es\/","name":"Real Hermandad de Nuestro Padre Jes\u00fas Nazareno \u00b7 Val\u00e8ncia","description":"Sitio web oficial de la Real Hermandad de Nuestro Padre Jes\u00fas Nazareno. Hermandad perteneciente a la Semana Santa Marinera de Val\u00e8ncia. Parroquia Santa Mar\u00eda del Mar. Grau \u00b7 Poblats Mar\u00edtims","publisher":{"@id":"https:\/\/nazarenovalencia.es\/#organization"},"potentialAction":[{"@type":"SearchAction","target":{"@type":"EntryPoint","urlTemplate":"https:\/\/nazarenovalencia.es\/?s={search_term_string}"},"query-input":{"@type":"PropertyValueSpecification","valueRequired":true,"valueName":"search_term_string"}}],"inLanguage":"va"},{"@type":"Organization","@id":"https:\/\/nazarenovalencia.es\/#organization","name":"Real Hermandad de Nuestro Padre Jes\u00fas Nazareno","url":"https:\/\/nazarenovalencia.es\/","logo":{"@type":"ImageObject","inLanguage":"va","@id":"https:\/\/nazarenovalencia.es\/#\/schema\/logo\/image\/","url":"https:\/\/nazarenovalencia.es\/wp-content\/uploads\/2022\/01\/logo-hermandad-sevilla.png","contentUrl":"https:\/\/nazarenovalencia.es\/wp-content\/uploads\/2022\/01\/logo-hermandad-sevilla.png","width":1920,"height":1080,"caption":"Real Hermandad de Nuestro Padre Jes\u00fas Nazareno"},"image":{"@id":"https:\/\/nazarenovalencia.es\/#\/schema\/logo\/image\/"},"sameAs":["https:\/\/www.facebook.com\/valencia.hermandadnazareno","https:\/\/x.com\/nazarenograo","https:\/\/www.instagram.com\/nazarenovalencia\/","https:\/\/www.youtube.com\/user\/nazarenovalencia"]},{"@type":"Person","@id":"https:\/\/nazarenovalencia.es\/#\/schema\/person\/2a78b7b234902a9fb08c83036e6d4f24","name":"admin","sameAs":["https:\/\/nazarenovalencia.es"],"url":"https:\/\/nazarenovalencia.es\/va\/author\/admin\/"}]}},"_links":{"self":[{"href":"https:\/\/nazarenovalencia.es\/va\/wp-json\/wp\/v2\/posts\/1133","targetHints":{"allow":["GET"]}}],"collection":[{"href":"https:\/\/nazarenovalencia.es\/va\/wp-json\/wp\/v2\/posts"}],"about":[{"href":"https:\/\/nazarenovalencia.es\/va\/wp-json\/wp\/v2\/types\/post"}],"author":[{"embeddable":true,"href":"https:\/\/nazarenovalencia.es\/va\/wp-json\/wp\/v2\/users\/1"}],"replies":[{"embeddable":true,"href":"https:\/\/nazarenovalencia.es\/va\/wp-json\/wp\/v2\/comments?post=1133"}],"version-history":[{"count":0,"href":"https:\/\/nazarenovalencia.es\/va\/wp-json\/wp\/v2\/posts\/1133\/revisions"}],"wp:featuredmedia":[{"embeddable":true,"href":"https:\/\/nazarenovalencia.es\/va\/wp-json\/wp\/v2\/media\/548"}],"wp:attachment":[{"href":"https:\/\/nazarenovalencia.es\/va\/wp-json\/wp\/v2\/media?parent=1133"}],"wp:term":[{"taxonomy":"category","embeddable":true,"href":"https:\/\/nazarenovalencia.es\/va\/wp-json\/wp\/v2\/categories?post=1133"},{"taxonomy":"post_tag","embeddable":true,"href":"https:\/\/nazarenovalencia.es\/va\/wp-json\/wp\/v2\/tags?post=1133"}],"curies":[{"name":"wp","href":"https:\/\/api.w.org\/{rel}","templated":true}]}}