{"id":1141,"date":"2023-01-27T11:50:56","date_gmt":"2023-01-27T11:50:56","guid":{"rendered":"https:\/\/nazarenovalencia.es\/?p=1141"},"modified":"2023-01-27T12:24:15","modified_gmt":"2023-01-27T12:24:15","slug":"encargo-palmas-2023","status":"publish","type":"post","link":"https:\/\/nazarenovalencia.es\/va\/encargo-palmas-2023\/","title":{"rendered":"Encargo palmas 2023"},"content":{"rendered":"<p>Desde hoy ya podeis encargar vuestras palmas para esta Semana Santa 2023. La hermandad ha habilitado un formulario en la web para que os podais apuntar y queden encargadas vuestras palmas. Como en a\u00f1os anteriores, hay 3 tipos de palmas disponible: de 1&#8217;5 metros, de hasta 2 metros y de hasta 3 metros.<\/p>\n<p>Este a\u00f1o el domingo de ramos se celebrar\u00e1 el 2 de Abril y desde la Hermandad ya estamos trabajando para la organizaci\u00f3n y planificaci\u00f3n de la Semana Santa 2023. Aprovechamos para recordaros que tambien teneis disponible la inscripci\u00f3n para la <a href=\"https:\/\/nazarenovalencia.es\/va\/procesion-diocesana-2023\/\">procesi\u00f3n diocesana<\/a>, la <a href=\"https:\/\/nazarenovalencia.es\/va\/gala-y-cena-entrega-de-premios-y-medallas-jm\/\">cena de gala de Junta Mayor<\/a> o la <a href=\"https:\/\/nazarenovalencia.es\/va\/comida-del-amor-y-de-la-amistad\/\">comida del pr\u00f3ximo 19 de Febrero.<\/a><\/p>\n<p>&nbsp;<\/p>\n<h1><strong><em>La fecha limite para apuntarse a la comida ser\u00e1 el 15 de Febrero<\/em><\/strong><\/h1>\n<p><iframe loading=\"lazy\" src=\"https:\/\/docs.google.com\/forms\/d\/e\/1FAIpQLSeBIIbaGuGtu68BuV627eXJGiNSlVFl3L0tR9YSUTvj1ipwPg\/viewform?embedded=true\" width=\"100%\" height=\"871\" frameborder=\"0\" marginwidth=\"0\" marginheight=\"0\">Cargando\u2026<\/iframe><\/p>","protected":false},"excerpt":{"rendered":"<p>Desde hoy ya podeis encargar vuestras palmas para esta Semana Santa 2023. La hermandad ha habilitado un formulario en la web para que os podais apuntar y queden encargadas vuestras palmas. Como en a\u00f1os anteriores, hay 3 tipos de palmas disponible: de 1&#8217;5 metros, de hasta 2 metros y de hasta 3 metros. Este a\u00f1o [&hellip;]<\/p>\n","protected":false},"author":1,"featured_media":1142,"comment_status":"closed","ping_status":"closed","sticky":false,"template":"","format":"standard","meta":{"footnotes":""},"categories":[12,11],"tags":[],"class_list":{"0":"post-1141","1":"post","2":"type-post","3":"status-publish","4":"format-standard","5":"has-post-thumbnail","6":"hentry","7":"category-general","8":"category-noticias","10":"post-with-thumbnail","11":"post-with-thumbnail-large"},"yoast_head":"<!-- This site is optimized with the Yoast SEO plugin v27.2 - https:\/\/yoast.com\/product\/yoast-seo-wordpress\/ -->\n<title>Encargo palmas 2023 - Real Hermandad de Nuestro Padre Jes\u00fas Nazareno \u00b7 Val\u00e8ncia<\/title>\n<meta name=\"robots\" content=\"index, follow, max-snippet:-1, max-image-preview:large, max-video-preview:-1\" \/>\n<link rel=\"canonical\" href=\"https:\/\/nazarenovalencia.es\/va\/encargo-palmas-2023\/\" \/>\n<meta property=\"og:locale\" content=\"en_US\" \/>\n<meta property=\"og:type\" content=\"article\" \/>\n<meta property=\"og:title\" content=\"Encargo palmas 2023 - Real Hermandad de Nuestro Padre Jes\u00fas Nazareno \u00b7 Val\u00e8ncia\" \/>\n<meta property=\"og:description\" content=\"Desde hoy ya podeis encargar vuestras palmas para esta Semana Santa 2023. La hermandad ha habilitado un formulario en la web para que os podais apuntar y queden encargadas vuestras palmas. Como en a\u00f1os anteriores, hay 3 tipos de palmas disponible: de 1&#8217;5 metros, de hasta 2 metros y de hasta 3 metros. Este a\u00f1o [&hellip;]\" \/>\n<meta property=\"og:url\" content=\"https:\/\/nazarenovalencia.es\/va\/encargo-palmas-2023\/\" \/>\n<meta property=\"og:site_name\" content=\"Real Hermandad de Nuestro Padre Jes\u00fas Nazareno \u00b7 Val\u00e8ncia\" \/>\n<meta property=\"article:publisher\" content=\"https:\/\/www.facebook.com\/valencia.hermandadnazareno\" \/>\n<meta property=\"article:published_time\" content=\"2023-01-27T11:50:56+00:00\" \/>\n<meta property=\"article:modified_time\" content=\"2023-01-27T12:24:15+00:00\" \/>\n<meta property=\"og:image\" content=\"https:\/\/nazarenovalencia.es\/wp-content\/uploads\/2023\/01\/1649589119223.jpg\" \/>\n\t<meta property=\"og:image:width\" content=\"1920\" \/>\n\t<meta property=\"og:image:height\" content=\"1280\" \/>\n\t<meta property=\"og:image:type\" content=\"image\/jpeg\" \/>\n<meta name=\"author\" content=\"admin\" \/>\n<meta name=\"twitter:card\" content=\"summary_large_image\" \/>\n<meta name=\"twitter:creator\" content=\"@nazarenograo\" \/>\n<meta name=\"twitter:site\" content=\"@nazarenograo\" \/>\n<meta name=\"twitter:label1\" content=\"Written by\" \/>\n\t<meta name=\"twitter:data1\" content=\"admin\" \/>\n\t<meta name=\"twitter:label2\" content=\"Est. reading time\" \/>\n\t<meta name=\"twitter:data2\" content=\"1 minute\" \/>\n<script type=\"application\/ld+json\" class=\"yoast-schema-graph\">{\"@context\":\"https:\/\/schema.org\",\"@graph\":[{\"@type\":\"Article\",\"@id\":\"https:\/\/nazarenovalencia.es\/encargo-palmas-2023\/#article\",\"isPartOf\":{\"@id\":\"https:\/\/nazarenovalencia.es\/encargo-palmas-2023\/\"},\"author\":{\"name\":\"admin\",\"@id\":\"https:\/\/nazarenovalencia.es\/#\/schema\/person\/2a78b7b234902a9fb08c83036e6d4f24\"},\"headline\":\"Encargo palmas 2023\",\"datePublished\":\"2023-01-27T11:50:56+00:00\",\"dateModified\":\"2023-01-27T12:24:15+00:00\",\"mainEntityOfPage\":{\"@id\":\"https:\/\/nazarenovalencia.es\/encargo-palmas-2023\/\"},\"wordCount\":125,\"publisher\":{\"@id\":\"https:\/\/nazarenovalencia.es\/#organization\"},\"image\":{\"@id\":\"https:\/\/nazarenovalencia.es\/encargo-palmas-2023\/#primaryimage\"},\"thumbnailUrl\":\"https:\/\/nazarenovalencia.es\/wp-content\/uploads\/2023\/01\/1649589119223.jpg\",\"articleSection\":[\"General\",\"Not\u00edcias\"],\"inLanguage\":\"va\"},{\"@type\":\"WebPage\",\"@id\":\"https:\/\/nazarenovalencia.es\/encargo-palmas-2023\/\",\"url\":\"https:\/\/nazarenovalencia.es\/encargo-palmas-2023\/\",\"name\":\"Encargo palmas 2023 - Real Hermandad de Nuestro Padre Jes\u00fas Nazareno \u00b7 Val\u00e8ncia\",\"isPartOf\":{\"@id\":\"https:\/\/nazarenovalencia.es\/#website\"},\"primaryImageOfPage\":{\"@id\":\"https:\/\/nazarenovalencia.es\/encargo-palmas-2023\/#primaryimage\"},\"image\":{\"@id\":\"https:\/\/nazarenovalencia.es\/encargo-palmas-2023\/#primaryimage\"},\"thumbnailUrl\":\"https:\/\/nazarenovalencia.es\/wp-content\/uploads\/2023\/01\/1649589119223.jpg\",\"datePublished\":\"2023-01-27T11:50:56+00:00\",\"dateModified\":\"2023-01-27T12:24:15+00:00\",\"inLanguage\":\"va\",\"potentialAction\":[{\"@type\":\"ReadAction\",\"target\":[\"https:\/\/nazarenovalencia.es\/encargo-palmas-2023\/\"]}]},{\"@type\":\"ImageObject\",\"inLanguage\":\"va\",\"@id\":\"https:\/\/nazarenovalencia.es\/encargo-palmas-2023\/#primaryimage\",\"url\":\"https:\/\/nazarenovalencia.es\/wp-content\/uploads\/2023\/01\/1649589119223.jpg\",\"contentUrl\":\"https:\/\/nazarenovalencia.es\/wp-content\/uploads\/2023\/01\/1649589119223.jpg\",\"width\":1920,\"height\":1280},{\"@type\":\"WebSite\",\"@id\":\"https:\/\/nazarenovalencia.es\/#website\",\"url\":\"https:\/\/nazarenovalencia.es\/\",\"name\":\"Real Hermandad de Nuestro Padre Jes\u00fas Nazareno \u00b7 Val\u00e8ncia\",\"description\":\"Sitio web oficial de la Real Hermandad de Nuestro Padre Jes\u00fas Nazareno. Hermandad perteneciente a la Semana Santa Marinera de Val\u00e8ncia. Parroquia Santa Mar\u00eda del Mar. Grau \u00b7 Poblats Mar\u00edtims\",\"publisher\":{\"@id\":\"https:\/\/nazarenovalencia.es\/#organization\"},\"potentialAction\":[{\"@type\":\"SearchAction\",\"target\":{\"@type\":\"EntryPoint\",\"urlTemplate\":\"https:\/\/nazarenovalencia.es\/?s={search_term_string}\"},\"query-input\":{\"@type\":\"PropertyValueSpecification\",\"valueRequired\":true,\"valueName\":\"search_term_string\"}}],\"inLanguage\":\"va\"},{\"@type\":\"Organization\",\"@id\":\"https:\/\/nazarenovalencia.es\/#organization\",\"name\":\"Real Hermandad de Nuestro Padre Jes\u00fas Nazareno\",\"url\":\"https:\/\/nazarenovalencia.es\/\",\"logo\":{\"@type\":\"ImageObject\",\"inLanguage\":\"va\",\"@id\":\"https:\/\/nazarenovalencia.es\/#\/schema\/logo\/image\/\",\"url\":\"https:\/\/nazarenovalencia.es\/wp-content\/uploads\/2022\/01\/logo-hermandad-sevilla.png\",\"contentUrl\":\"https:\/\/nazarenovalencia.es\/wp-content\/uploads\/2022\/01\/logo-hermandad-sevilla.png\",\"width\":1920,\"height\":1080,\"caption\":\"Real Hermandad de Nuestro Padre Jes\u00fas Nazareno\"},\"image\":{\"@id\":\"https:\/\/nazarenovalencia.es\/#\/schema\/logo\/image\/\"},\"sameAs\":[\"https:\/\/www.facebook.com\/valencia.hermandadnazareno\",\"https:\/\/x.com\/nazarenograo\",\"https:\/\/www.instagram.com\/nazarenovalencia\/\",\"https:\/\/www.youtube.com\/user\/nazarenovalencia\"]},{\"@type\":\"Person\",\"@id\":\"https:\/\/nazarenovalencia.es\/#\/schema\/person\/2a78b7b234902a9fb08c83036e6d4f24\",\"name\":\"admin\",\"sameAs\":[\"https:\/\/nazarenovalencia.es\"],\"url\":\"https:\/\/nazarenovalencia.es\/va\/author\/admin\/\"}]}<\/script>\n<!-- \/ Yoast SEO plugin. -->","yoast_head_json":{"title":"Encargo palmas 2023 - Real Hermandad de Nuestro Padre Jes\u00fas Nazareno \u00b7 Val\u00e8ncia","robots":{"index":"index","follow":"follow","max-snippet":"max-snippet:-1","max-image-preview":"max-image-preview:large","max-video-preview":"max-video-preview:-1"},"canonical":"https:\/\/nazarenovalencia.es\/va\/encargo-palmas-2023\/","og_locale":"en_US","og_type":"article","og_title":"Encargo palmas 2023 - Real Hermandad de Nuestro Padre Jes\u00fas Nazareno \u00b7 Val\u00e8ncia","og_description":"Desde hoy ya podeis encargar vuestras palmas para esta Semana Santa 2023. La hermandad ha habilitado un formulario en la web para que os podais apuntar y queden encargadas vuestras palmas. Como en a\u00f1os anteriores, hay 3 tipos de palmas disponible: de 1&#8217;5 metros, de hasta 2 metros y de hasta 3 metros. Este a\u00f1o [&hellip;]","og_url":"https:\/\/nazarenovalencia.es\/va\/encargo-palmas-2023\/","og_site_name":"Real Hermandad de Nuestro Padre Jes\u00fas Nazareno \u00b7 Val\u00e8ncia","article_publisher":"https:\/\/www.facebook.com\/valencia.hermandadnazareno","article_published_time":"2023-01-27T11:50:56+00:00","article_modified_time":"2023-01-27T12:24:15+00:00","og_image":[{"width":1920,"height":1280,"url":"https:\/\/nazarenovalencia.es\/wp-content\/uploads\/2023\/01\/1649589119223.jpg","type":"image\/jpeg"}],"author":"admin","twitter_card":"summary_large_image","twitter_creator":"@nazarenograo","twitter_site":"@nazarenograo","twitter_misc":{"Written by":"admin","Est. reading time":"1 minute"},"schema":{"@context":"https:\/\/schema.org","@graph":[{"@type":"Article","@id":"https:\/\/nazarenovalencia.es\/encargo-palmas-2023\/#article","isPartOf":{"@id":"https:\/\/nazarenovalencia.es\/encargo-palmas-2023\/"},"author":{"name":"admin","@id":"https:\/\/nazarenovalencia.es\/#\/schema\/person\/2a78b7b234902a9fb08c83036e6d4f24"},"headline":"Encargo palmas 2023","datePublished":"2023-01-27T11:50:56+00:00","dateModified":"2023-01-27T12:24:15+00:00","mainEntityOfPage":{"@id":"https:\/\/nazarenovalencia.es\/encargo-palmas-2023\/"},"wordCount":125,"publisher":{"@id":"https:\/\/nazarenovalencia.es\/#organization"},"image":{"@id":"https:\/\/nazarenovalencia.es\/encargo-palmas-2023\/#primaryimage"},"thumbnailUrl":"https:\/\/nazarenovalencia.es\/wp-content\/uploads\/2023\/01\/1649589119223.jpg","articleSection":["General","Not\u00edcias"],"inLanguage":"va"},{"@type":"WebPage","@id":"https:\/\/nazarenovalencia.es\/encargo-palmas-2023\/","url":"https:\/\/nazarenovalencia.es\/encargo-palmas-2023\/","name":"Encargo palmas 2023 - Real Hermandad de Nuestro Padre Jes\u00fas Nazareno \u00b7 Val\u00e8ncia","isPartOf":{"@id":"https:\/\/nazarenovalencia.es\/#website"},"primaryImageOfPage":{"@id":"https:\/\/nazarenovalencia.es\/encargo-palmas-2023\/#primaryimage"},"image":{"@id":"https:\/\/nazarenovalencia.es\/encargo-palmas-2023\/#primaryimage"},"thumbnailUrl":"https:\/\/nazarenovalencia.es\/wp-content\/uploads\/2023\/01\/1649589119223.jpg","datePublished":"2023-01-27T11:50:56+00:00","dateModified":"2023-01-27T12:24:15+00:00","inLanguage":"va","potentialAction":[{"@type":"ReadAction","target":["https:\/\/nazarenovalencia.es\/encargo-palmas-2023\/"]}]},{"@type":"ImageObject","inLanguage":"va","@id":"https:\/\/nazarenovalencia.es\/encargo-palmas-2023\/#primaryimage","url":"https:\/\/nazarenovalencia.es\/wp-content\/uploads\/2023\/01\/1649589119223.jpg","contentUrl":"https:\/\/nazarenovalencia.es\/wp-content\/uploads\/2023\/01\/1649589119223.jpg","width":1920,"height":1280},{"@type":"WebSite","@id":"https:\/\/nazarenovalencia.es\/#website","url":"https:\/\/nazarenovalencia.es\/","name":"Real Hermandad de Nuestro Padre Jes\u00fas Nazareno \u00b7 Val\u00e8ncia","description":"Sitio web oficial de la Real Hermandad de Nuestro Padre Jes\u00fas Nazareno. Hermandad perteneciente a la Semana Santa Marinera de Val\u00e8ncia. Parroquia Santa Mar\u00eda del Mar. Grau \u00b7 Poblats Mar\u00edtims","publisher":{"@id":"https:\/\/nazarenovalencia.es\/#organization"},"potentialAction":[{"@type":"SearchAction","target":{"@type":"EntryPoint","urlTemplate":"https:\/\/nazarenovalencia.es\/?s={search_term_string}"},"query-input":{"@type":"PropertyValueSpecification","valueRequired":true,"valueName":"search_term_string"}}],"inLanguage":"va"},{"@type":"Organization","@id":"https:\/\/nazarenovalencia.es\/#organization","name":"Real Hermandad de Nuestro Padre Jes\u00fas Nazareno","url":"https:\/\/nazarenovalencia.es\/","logo":{"@type":"ImageObject","inLanguage":"va","@id":"https:\/\/nazarenovalencia.es\/#\/schema\/logo\/image\/","url":"https:\/\/nazarenovalencia.es\/wp-content\/uploads\/2022\/01\/logo-hermandad-sevilla.png","contentUrl":"https:\/\/nazarenovalencia.es\/wp-content\/uploads\/2022\/01\/logo-hermandad-sevilla.png","width":1920,"height":1080,"caption":"Real Hermandad de Nuestro Padre Jes\u00fas Nazareno"},"image":{"@id":"https:\/\/nazarenovalencia.es\/#\/schema\/logo\/image\/"},"sameAs":["https:\/\/www.facebook.com\/valencia.hermandadnazareno","https:\/\/x.com\/nazarenograo","https:\/\/www.instagram.com\/nazarenovalencia\/","https:\/\/www.youtube.com\/user\/nazarenovalencia"]},{"@type":"Person","@id":"https:\/\/nazarenovalencia.es\/#\/schema\/person\/2a78b7b234902a9fb08c83036e6d4f24","name":"admin","sameAs":["https:\/\/nazarenovalencia.es"],"url":"https:\/\/nazarenovalencia.es\/va\/author\/admin\/"}]}},"_links":{"self":[{"href":"https:\/\/nazarenovalencia.es\/va\/wp-json\/wp\/v2\/posts\/1141","targetHints":{"allow":["GET"]}}],"collection":[{"href":"https:\/\/nazarenovalencia.es\/va\/wp-json\/wp\/v2\/posts"}],"about":[{"href":"https:\/\/nazarenovalencia.es\/va\/wp-json\/wp\/v2\/types\/post"}],"author":[{"embeddable":true,"href":"https:\/\/nazarenovalencia.es\/va\/wp-json\/wp\/v2\/users\/1"}],"replies":[{"embeddable":true,"href":"https:\/\/nazarenovalencia.es\/va\/wp-json\/wp\/v2\/comments?post=1141"}],"version-history":[{"count":0,"href":"https:\/\/nazarenovalencia.es\/va\/wp-json\/wp\/v2\/posts\/1141\/revisions"}],"wp:featuredmedia":[{"embeddable":true,"href":"https:\/\/nazarenovalencia.es\/va\/wp-json\/wp\/v2\/media\/1142"}],"wp:attachment":[{"href":"https:\/\/nazarenovalencia.es\/va\/wp-json\/wp\/v2\/media?parent=1141"}],"wp:term":[{"taxonomy":"category","embeddable":true,"href":"https:\/\/nazarenovalencia.es\/va\/wp-json\/wp\/v2\/categories?post=1141"},{"taxonomy":"post_tag","embeddable":true,"href":"https:\/\/nazarenovalencia.es\/va\/wp-json\/wp\/v2\/tags?post=1141"}],"curies":[{"name":"wp","href":"https:\/\/api.w.org\/{rel}","templated":true}]}}