{"id":1232,"date":"2023-03-26T21:42:01","date_gmt":"2023-03-26T21:42:01","guid":{"rendered":"https:\/\/nazarenovalencia.es\/?p=1232"},"modified":"2023-03-26T21:44:25","modified_gmt":"2023-03-26T21:44:25","slug":"informacion-comidas-y-cenas-2023","status":"publish","type":"post","link":"https:\/\/nazarenovalencia.es\/va\/informacion-comidas-y-cenas-2023\/","title":{"rendered":"Informaci\u00f3 menjars i sopars 2023"},"content":{"rendered":"<p>Ens complau anunciar que ja podeu inscriure-us en els menjars i sopars de Setmana Santa d'enguany, igual que en anys anteriors.<\/p>\n<p>Per al Diumenge de Rams, oferim quatre opcions a triar: Fideu\u00e0, Arr\u00f2s al Forn, Macarrons i Paella. El cost per raci\u00f3 \u00e9s de 7\u20ac i 3\u20ac per a la segona persona que comparteix. Tamb\u00e9 s'aplicar\u00e0 un suplement de 1\u20ac per als no confrares. Podeu inscriure-vos en el seg\u00fcent enlla\u00e7:<\/p>\n<p><a href=\"https:\/\/nazarenovalencia.es\/va\/inscripcion-comida-domingo-de-ramos-23\/\">https:\/\/nazarenovalencia.es\/inscripcion-comida-domingo-de-ramos-23\/<\/a><\/p>\n<p><strong>DATA L\u00cdMIT: DIVENDRES DE DOLOR 23.59<\/strong><\/p>\n<hr \/>\n<p>Els sopars del Dijous, Divendres i Dissabte s\u00f3n sufragades per la germandat per als confrares, com sempre. Oferim cinc opcions d'entrepans per al Dijous i Divendres, incloent-hi els tradicionals pepitos, i quatre opcions per al Dissabte, despr\u00e9s de la Vig\u00edlia Pasqual. Podeu inscriure-us en els seg\u00fcents enlla\u00e7os:<\/p>\n<p>Dijous: <a href=\"https:\/\/nazarenovalencia.es\/va\/inscripcion-cena-jueves-santo\/\">https:\/\/nazarenovalencia.es\/inscripcion-cena-jueves-santo\/<\/a><br \/>\nDivendres: <a href=\"https:\/\/nazarenovalencia.es\/va\/inscripcion-cena-viernes-santo\/\">https:\/\/nazarenovalencia.es\/inscripcion-cena-viernes-santo\/<\/a><br \/>\nDissabte: <a href=\"https:\/\/nazarenovalencia.es\/va\/inscripcion-cena-sabado-de-gloria\/\">https:\/\/nazarenovalencia.es\/inscripcion-cena-sabado-de-gloria\/<\/a><br \/>\n<strong>DATA L\u00cdMIT PER ALS SOPARS: DILLUNS SANT 23.59<\/strong><\/p>\n<hr \/>\n<p>A m\u00e9s, celebrarem el menjar parroquial el dissabte de Gloria en el Col\u00b7legi de la Purisima juntament amb la resta de les germandats i confraries de la Parr\u00f2quia, on tindrem Paella a 4\u20ac per raci\u00f3, igual que l'any passat.<br \/>\nPodeu inscriure-vos en el seg\u00fcent enlla\u00e7:<\/p>\n<p><a href=\"https:\/\/nazarenovalencia.es\/va\/inscripcion-comida-parroquial-sabado-de-gloria-23\/\">https:\/\/nazarenovalencia.es\/inscripcion-comida-parroquial-sabado-de-gloria-23\/ <\/a><\/p>\n<p><strong>DATA L\u00cdMIT: DIJOUS SANT SANT 23.59<\/strong><\/p>\n<p>Finalment, culminarem la Setmana Santa 2023 amb el Menjar de Diumenge de Resurrecci\u00f3, que oferir\u00e0 les mateixes opcions que la del Diumenge de Rams.<br \/>\n<a href=\"https:\/\/nazarenovalencia.es\/va\/inscripcion-comida-domingo-de-resurreccion-23\/\">https:\/\/nazarenovalencia.es\/inscripcion-comida-domingo-de-resurreccion-23\/<\/a><\/p>\n<p><strong>DATA L\u00cdMIT: DIVENDRES SANT 23.59<\/strong><\/p>\n<p>Tots els menjars i sopars inclouran porrat, beguda, postres i caf\u00e9.<\/p>\n<p>Esperem comptar amb la vostra pres\u00e8ncia en aquestes\u00a0celebracions!<\/p>","protected":false},"excerpt":{"rendered":"<p>Nos complace anunciar que ya pod\u00e9is inscribiros en las comidas y cenas de Semana Santa de este a\u00f1o, al igual que en a\u00f1os anteriores. Para el Domingo de Ramos, ofrecemos cuatro opciones a elegir: Fideu\u00e0, Arroz al Horno, Macarrones y Paella. El costo por raci\u00f3n es de 7\u20ac y 3\u20ac para la segunda persona que [&hellip;]<\/p>\n","protected":false},"author":1,"featured_media":1233,"comment_status":"closed","ping_status":"closed","sticky":false,"template":"","format":"standard","meta":{"footnotes":""},"categories":[12],"tags":[],"class_list":{"0":"post-1232","1":"post","2":"type-post","3":"status-publish","4":"format-standard","5":"has-post-thumbnail","6":"hentry","7":"category-general","9":"post-with-thumbnail","10":"post-with-thumbnail-large"},"yoast_head":"<!-- This site is optimized with the Yoast SEO plugin v27.2 - https:\/\/yoast.com\/product\/yoast-seo-wordpress\/ -->\n<title>Informaci\u00f3n comidas y cenas 2023 - Real Hermandad de Nuestro Padre Jes\u00fas Nazareno \u00b7 Val\u00e8ncia<\/title>\n<meta name=\"description\" content=\"Nos complace anunciar que ya pod\u00e9is inscribiros en las comidas y cenas de Semana Santa de este a\u00f1o, al igual que en a\u00f1os anteriores.\" \/>\n<meta name=\"robots\" content=\"index, follow, max-snippet:-1, max-image-preview:large, max-video-preview:-1\" \/>\n<link rel=\"canonical\" href=\"https:\/\/nazarenovalencia.es\/va\/informacion-comidas-y-cenas-2023\/\" \/>\n<meta property=\"og:locale\" content=\"en_US\" \/>\n<meta property=\"og:type\" content=\"article\" \/>\n<meta property=\"og:title\" content=\"Informaci\u00f3n comidas y cenas 2023 - Real Hermandad de Nuestro Padre Jes\u00fas Nazareno \u00b7 Val\u00e8ncia\" \/>\n<meta property=\"og:description\" content=\"Nos complace anunciar que ya pod\u00e9is inscribiros en las comidas y cenas de Semana Santa de este a\u00f1o, al igual que en a\u00f1os anteriores.\" \/>\n<meta property=\"og:url\" content=\"https:\/\/nazarenovalencia.es\/va\/informacion-comidas-y-cenas-2023\/\" \/>\n<meta property=\"og:site_name\" content=\"Real Hermandad de Nuestro Padre Jes\u00fas Nazareno \u00b7 Val\u00e8ncia\" \/>\n<meta property=\"article:publisher\" content=\"https:\/\/www.facebook.com\/valencia.hermandadnazareno\" \/>\n<meta property=\"article:published_time\" content=\"2023-03-26T21:42:01+00:00\" \/>\n<meta property=\"article:modified_time\" content=\"2023-03-26T21:44:25+00:00\" \/>\n<meta property=\"og:image\" content=\"https:\/\/nazarenovalencia.es\/wp-content\/uploads\/2023\/03\/cenas.jpg\" \/>\n\t<meta property=\"og:image:width\" content=\"1032\" \/>\n\t<meta property=\"og:image:height\" content=\"595\" \/>\n\t<meta property=\"og:image:type\" content=\"image\/jpeg\" \/>\n<meta name=\"author\" content=\"admin\" \/>\n<meta name=\"twitter:card\" content=\"summary_large_image\" \/>\n<meta name=\"twitter:creator\" content=\"@nazarenograo\" \/>\n<meta name=\"twitter:site\" content=\"@nazarenograo\" \/>\n<meta name=\"twitter:label1\" content=\"Written by\" \/>\n\t<meta name=\"twitter:data1\" content=\"admin\" \/>\n\t<meta name=\"twitter:label2\" content=\"Est. reading time\" \/>\n\t<meta name=\"twitter:data2\" content=\"2 minutes\" \/>\n<script type=\"application\/ld+json\" class=\"yoast-schema-graph\">{\"@context\":\"https:\/\/schema.org\",\"@graph\":[{\"@type\":\"Article\",\"@id\":\"https:\/\/nazarenovalencia.es\/informacion-comidas-y-cenas-2023\/#article\",\"isPartOf\":{\"@id\":\"https:\/\/nazarenovalencia.es\/informacion-comidas-y-cenas-2023\/\"},\"author\":{\"name\":\"admin\",\"@id\":\"https:\/\/nazarenovalencia.es\/#\/schema\/person\/2a78b7b234902a9fb08c83036e6d4f24\"},\"headline\":\"Informaci\u00f3n comidas y cenas 2023\",\"datePublished\":\"2023-03-26T21:42:01+00:00\",\"dateModified\":\"2023-03-26T21:44:25+00:00\",\"mainEntityOfPage\":{\"@id\":\"https:\/\/nazarenovalencia.es\/informacion-comidas-y-cenas-2023\/\"},\"wordCount\":282,\"publisher\":{\"@id\":\"https:\/\/nazarenovalencia.es\/#organization\"},\"image\":{\"@id\":\"https:\/\/nazarenovalencia.es\/informacion-comidas-y-cenas-2023\/#primaryimage\"},\"thumbnailUrl\":\"https:\/\/nazarenovalencia.es\/wp-content\/uploads\/2023\/03\/cenas.jpg\",\"articleSection\":[\"General\"],\"inLanguage\":\"va\"},{\"@type\":\"WebPage\",\"@id\":\"https:\/\/nazarenovalencia.es\/informacion-comidas-y-cenas-2023\/\",\"url\":\"https:\/\/nazarenovalencia.es\/informacion-comidas-y-cenas-2023\/\",\"name\":\"Informaci\u00f3n comidas y cenas 2023 - Real Hermandad de Nuestro Padre Jes\u00fas Nazareno \u00b7 Val\u00e8ncia\",\"isPartOf\":{\"@id\":\"https:\/\/nazarenovalencia.es\/#website\"},\"primaryImageOfPage\":{\"@id\":\"https:\/\/nazarenovalencia.es\/informacion-comidas-y-cenas-2023\/#primaryimage\"},\"image\":{\"@id\":\"https:\/\/nazarenovalencia.es\/informacion-comidas-y-cenas-2023\/#primaryimage\"},\"thumbnailUrl\":\"https:\/\/nazarenovalencia.es\/wp-content\/uploads\/2023\/03\/cenas.jpg\",\"datePublished\":\"2023-03-26T21:42:01+00:00\",\"dateModified\":\"2023-03-26T21:44:25+00:00\",\"description\":\"Nos complace anunciar que ya pod\u00e9is inscribiros en las comidas y cenas de Semana Santa de este a\u00f1o, al igual que en a\u00f1os anteriores.\",\"inLanguage\":\"va\",\"potentialAction\":[{\"@type\":\"ReadAction\",\"target\":[\"https:\/\/nazarenovalencia.es\/informacion-comidas-y-cenas-2023\/\"]}]},{\"@type\":\"ImageObject\",\"inLanguage\":\"va\",\"@id\":\"https:\/\/nazarenovalencia.es\/informacion-comidas-y-cenas-2023\/#primaryimage\",\"url\":\"https:\/\/nazarenovalencia.es\/wp-content\/uploads\/2023\/03\/cenas.jpg\",\"contentUrl\":\"https:\/\/nazarenovalencia.es\/wp-content\/uploads\/2023\/03\/cenas.jpg\",\"width\":1032,\"height\":595},{\"@type\":\"WebSite\",\"@id\":\"https:\/\/nazarenovalencia.es\/#website\",\"url\":\"https:\/\/nazarenovalencia.es\/\",\"name\":\"Real Hermandad de Nuestro Padre Jes\u00fas Nazareno \u00b7 Val\u00e8ncia\",\"description\":\"Sitio web oficial de la Real Hermandad de Nuestro Padre Jes\u00fas Nazareno. Hermandad perteneciente a la Semana Santa Marinera de Val\u00e8ncia. Parroquia Santa Mar\u00eda del Mar. Grau \u00b7 Poblats Mar\u00edtims\",\"publisher\":{\"@id\":\"https:\/\/nazarenovalencia.es\/#organization\"},\"potentialAction\":[{\"@type\":\"SearchAction\",\"target\":{\"@type\":\"EntryPoint\",\"urlTemplate\":\"https:\/\/nazarenovalencia.es\/?s={search_term_string}\"},\"query-input\":{\"@type\":\"PropertyValueSpecification\",\"valueRequired\":true,\"valueName\":\"search_term_string\"}}],\"inLanguage\":\"va\"},{\"@type\":\"Organization\",\"@id\":\"https:\/\/nazarenovalencia.es\/#organization\",\"name\":\"Real Hermandad de Nuestro Padre Jes\u00fas Nazareno\",\"url\":\"https:\/\/nazarenovalencia.es\/\",\"logo\":{\"@type\":\"ImageObject\",\"inLanguage\":\"va\",\"@id\":\"https:\/\/nazarenovalencia.es\/#\/schema\/logo\/image\/\",\"url\":\"https:\/\/nazarenovalencia.es\/wp-content\/uploads\/2022\/01\/logo-hermandad-sevilla.png\",\"contentUrl\":\"https:\/\/nazarenovalencia.es\/wp-content\/uploads\/2022\/01\/logo-hermandad-sevilla.png\",\"width\":1920,\"height\":1080,\"caption\":\"Real Hermandad de Nuestro Padre Jes\u00fas Nazareno\"},\"image\":{\"@id\":\"https:\/\/nazarenovalencia.es\/#\/schema\/logo\/image\/\"},\"sameAs\":[\"https:\/\/www.facebook.com\/valencia.hermandadnazareno\",\"https:\/\/x.com\/nazarenograo\",\"https:\/\/www.instagram.com\/nazarenovalencia\/\",\"https:\/\/www.youtube.com\/user\/nazarenovalencia\"]},{\"@type\":\"Person\",\"@id\":\"https:\/\/nazarenovalencia.es\/#\/schema\/person\/2a78b7b234902a9fb08c83036e6d4f24\",\"name\":\"admin\",\"sameAs\":[\"https:\/\/nazarenovalencia.es\"],\"url\":\"https:\/\/nazarenovalencia.es\/va\/author\/admin\/\"}]}<\/script>\n<!-- \/ Yoast SEO plugin. -->","yoast_head_json":{"title":"Informaci\u00f3n comidas y cenas 2023 - Real Hermandad de Nuestro Padre Jes\u00fas Nazareno \u00b7 Val\u00e8ncia","description":"Ens complau anunciar que ja podeu inscriure-us en els menjars i sopars de Setmana Santa d'enguany, igual que en anys anteriors.","robots":{"index":"index","follow":"follow","max-snippet":"max-snippet:-1","max-image-preview":"max-image-preview:large","max-video-preview":"max-video-preview:-1"},"canonical":"https:\/\/nazarenovalencia.es\/va\/informacion-comidas-y-cenas-2023\/","og_locale":"en_US","og_type":"article","og_title":"Informaci\u00f3n comidas y cenas 2023 - Real Hermandad de Nuestro Padre Jes\u00fas Nazareno \u00b7 Val\u00e8ncia","og_description":"Nos complace anunciar que ya pod\u00e9is inscribiros en las comidas y cenas de Semana Santa de este a\u00f1o, al igual que en a\u00f1os anteriores.","og_url":"https:\/\/nazarenovalencia.es\/va\/informacion-comidas-y-cenas-2023\/","og_site_name":"Real Hermandad de Nuestro Padre Jes\u00fas Nazareno \u00b7 Val\u00e8ncia","article_publisher":"https:\/\/www.facebook.com\/valencia.hermandadnazareno","article_published_time":"2023-03-26T21:42:01+00:00","article_modified_time":"2023-03-26T21:44:25+00:00","og_image":[{"width":1032,"height":595,"url":"https:\/\/nazarenovalencia.es\/wp-content\/uploads\/2023\/03\/cenas.jpg","type":"image\/jpeg"}],"author":"admin","twitter_card":"summary_large_image","twitter_creator":"@nazarenograo","twitter_site":"@nazarenograo","twitter_misc":{"Written by":"admin","Est. reading time":"2 minutes"},"schema":{"@context":"https:\/\/schema.org","@graph":[{"@type":"Article","@id":"https:\/\/nazarenovalencia.es\/informacion-comidas-y-cenas-2023\/#article","isPartOf":{"@id":"https:\/\/nazarenovalencia.es\/informacion-comidas-y-cenas-2023\/"},"author":{"name":"admin","@id":"https:\/\/nazarenovalencia.es\/#\/schema\/person\/2a78b7b234902a9fb08c83036e6d4f24"},"headline":"Informaci\u00f3n comidas y cenas 2023","datePublished":"2023-03-26T21:42:01+00:00","dateModified":"2023-03-26T21:44:25+00:00","mainEntityOfPage":{"@id":"https:\/\/nazarenovalencia.es\/informacion-comidas-y-cenas-2023\/"},"wordCount":282,"publisher":{"@id":"https:\/\/nazarenovalencia.es\/#organization"},"image":{"@id":"https:\/\/nazarenovalencia.es\/informacion-comidas-y-cenas-2023\/#primaryimage"},"thumbnailUrl":"https:\/\/nazarenovalencia.es\/wp-content\/uploads\/2023\/03\/cenas.jpg","articleSection":["General"],"inLanguage":"va"},{"@type":"WebPage","@id":"https:\/\/nazarenovalencia.es\/informacion-comidas-y-cenas-2023\/","url":"https:\/\/nazarenovalencia.es\/informacion-comidas-y-cenas-2023\/","name":"Informaci\u00f3n comidas y cenas 2023 - Real Hermandad de Nuestro Padre Jes\u00fas Nazareno \u00b7 Val\u00e8ncia","isPartOf":{"@id":"https:\/\/nazarenovalencia.es\/#website"},"primaryImageOfPage":{"@id":"https:\/\/nazarenovalencia.es\/informacion-comidas-y-cenas-2023\/#primaryimage"},"image":{"@id":"https:\/\/nazarenovalencia.es\/informacion-comidas-y-cenas-2023\/#primaryimage"},"thumbnailUrl":"https:\/\/nazarenovalencia.es\/wp-content\/uploads\/2023\/03\/cenas.jpg","datePublished":"2023-03-26T21:42:01+00:00","dateModified":"2023-03-26T21:44:25+00:00","description":"Ens complau anunciar que ja podeu inscriure-us en els menjars i sopars de Setmana Santa d'enguany, igual que en anys anteriors.","inLanguage":"va","potentialAction":[{"@type":"ReadAction","target":["https:\/\/nazarenovalencia.es\/informacion-comidas-y-cenas-2023\/"]}]},{"@type":"ImageObject","inLanguage":"va","@id":"https:\/\/nazarenovalencia.es\/informacion-comidas-y-cenas-2023\/#primaryimage","url":"https:\/\/nazarenovalencia.es\/wp-content\/uploads\/2023\/03\/cenas.jpg","contentUrl":"https:\/\/nazarenovalencia.es\/wp-content\/uploads\/2023\/03\/cenas.jpg","width":1032,"height":595},{"@type":"WebSite","@id":"https:\/\/nazarenovalencia.es\/#website","url":"https:\/\/nazarenovalencia.es\/","name":"Real Hermandad de Nuestro Padre Jes\u00fas Nazareno \u00b7 Val\u00e8ncia","description":"Sitio web oficial de la Real Hermandad de Nuestro Padre Jes\u00fas Nazareno. Hermandad perteneciente a la Semana Santa Marinera de Val\u00e8ncia. Parroquia Santa Mar\u00eda del Mar. Grau \u00b7 Poblats Mar\u00edtims","publisher":{"@id":"https:\/\/nazarenovalencia.es\/#organization"},"potentialAction":[{"@type":"SearchAction","target":{"@type":"EntryPoint","urlTemplate":"https:\/\/nazarenovalencia.es\/?s={search_term_string}"},"query-input":{"@type":"PropertyValueSpecification","valueRequired":true,"valueName":"search_term_string"}}],"inLanguage":"va"},{"@type":"Organization","@id":"https:\/\/nazarenovalencia.es\/#organization","name":"Real Hermandad de Nuestro Padre Jes\u00fas Nazareno","url":"https:\/\/nazarenovalencia.es\/","logo":{"@type":"ImageObject","inLanguage":"va","@id":"https:\/\/nazarenovalencia.es\/#\/schema\/logo\/image\/","url":"https:\/\/nazarenovalencia.es\/wp-content\/uploads\/2022\/01\/logo-hermandad-sevilla.png","contentUrl":"https:\/\/nazarenovalencia.es\/wp-content\/uploads\/2022\/01\/logo-hermandad-sevilla.png","width":1920,"height":1080,"caption":"Real Hermandad de Nuestro Padre Jes\u00fas Nazareno"},"image":{"@id":"https:\/\/nazarenovalencia.es\/#\/schema\/logo\/image\/"},"sameAs":["https:\/\/www.facebook.com\/valencia.hermandadnazareno","https:\/\/x.com\/nazarenograo","https:\/\/www.instagram.com\/nazarenovalencia\/","https:\/\/www.youtube.com\/user\/nazarenovalencia"]},{"@type":"Person","@id":"https:\/\/nazarenovalencia.es\/#\/schema\/person\/2a78b7b234902a9fb08c83036e6d4f24","name":"admin","sameAs":["https:\/\/nazarenovalencia.es"],"url":"https:\/\/nazarenovalencia.es\/va\/author\/admin\/"}]}},"_links":{"self":[{"href":"https:\/\/nazarenovalencia.es\/va\/wp-json\/wp\/v2\/posts\/1232","targetHints":{"allow":["GET"]}}],"collection":[{"href":"https:\/\/nazarenovalencia.es\/va\/wp-json\/wp\/v2\/posts"}],"about":[{"href":"https:\/\/nazarenovalencia.es\/va\/wp-json\/wp\/v2\/types\/post"}],"author":[{"embeddable":true,"href":"https:\/\/nazarenovalencia.es\/va\/wp-json\/wp\/v2\/users\/1"}],"replies":[{"embeddable":true,"href":"https:\/\/nazarenovalencia.es\/va\/wp-json\/wp\/v2\/comments?post=1232"}],"version-history":[{"count":0,"href":"https:\/\/nazarenovalencia.es\/va\/wp-json\/wp\/v2\/posts\/1232\/revisions"}],"wp:featuredmedia":[{"embeddable":true,"href":"https:\/\/nazarenovalencia.es\/va\/wp-json\/wp\/v2\/media\/1233"}],"wp:attachment":[{"href":"https:\/\/nazarenovalencia.es\/va\/wp-json\/wp\/v2\/media?parent=1232"}],"wp:term":[{"taxonomy":"category","embeddable":true,"href":"https:\/\/nazarenovalencia.es\/va\/wp-json\/wp\/v2\/categories?post=1232"},{"taxonomy":"post_tag","embeddable":true,"href":"https:\/\/nazarenovalencia.es\/va\/wp-json\/wp\/v2\/tags?post=1232"}],"curies":[{"name":"wp","href":"https:\/\/api.w.org\/{rel}","templated":true}]}}